{"id":1995,"date":"2019-09-15T10:03:16","date_gmt":"2019-09-15T08:03:16","guid":{"rendered":"https:\/\/www.ff-bisamberg.at\/?p=1995"},"modified":"2019-09-20T20:16:38","modified_gmt":"2019-09-20T18:16:38","slug":"technischer-einsatz-am-15-september-2019","status":"publish","type":"post","link":"https:\/\/www.ff-bisamberg.at\/?p=1995","title":{"rendered":"Technischer Einsatz am 15. September 2019"},"content":{"rendered":"<p>In der Nacht vom 14.09. auf den 15.09.2019 wurden wir kurz vor Mitternacht zu einem Verkehrsunfall mit Menschenrettung alarmiert.<!--more--> Aus unbekannter Ursache geriet eine Person unter einen PKW und wurde unter diesem eingeklemmt. Die ausger\u00fcckten Einsatzkr\u00e4fte der Bisamberger Feuerwehr sicherten das Fahrzeug und schafften einen Zugang durch den Einsatz von zwei Wagenhebern. Danach konnte die Person mittels Spineboard gerettet und dem Rettungsdienst \u00fcbergeben werden.Die Feuerwehren Freiwillige Feuerwehr der Stadt Korneuburg und FF Klein-Engersdorf wurden gem\u00e4\u00df Alarmplan mitalarmiert und standen in Bereitschaft. Seitens der Feuerwehr Bisamberg r\u00fcckten 23 Mitglieder mit 5 Fahrzeugen aus.<\/p>\nngg_shortcode_0_placeholder\n","protected":false},"excerpt":{"rendered":"<p>In der Nacht vom 14.09. auf den 15.09.2019 wurden wir kurz vor Mitternacht zu einem Verkehrsunfall mit Menschenrettung alarmiert.<\/p>\n","protected":false},"author":3,"featured_media":2021,"comment_status":"closed","ping_status":"open","sticky":false,"template":"","format":"standard","meta":{"ngg_post_thumbnail":810,"footnotes":""},"categories":[7],"tags":[],"class_list":["post-1995","post","type-post","status-publish","format-standard","has-post-thumbnail","hentry","category-einsaetze2019"],"publishpress_future_action":{"enabled":false,"date":"2026-05-07 01:30:37","action":"change-status","newStatus":"draft","terms":[],"taxonomy":"category","extraData":[]},"publishpress_future_workflow_manual_trigger":{"enabledWorkflows":[]},"_links":{"self":[{"href":"https:\/\/www.ff-bisamberg.at\/index.php?rest_route=\/wp\/v2\/posts\/1995","targetHints":{"allow":["GET"]}}],"collection":[{"href":"https:\/\/www.ff-bisamberg.at\/index.php?rest_route=\/wp\/v2\/posts"}],"about":[{"href":"https:\/\/www.ff-bisamberg.at\/index.php?rest_route=\/wp\/v2\/types\/post"}],"author":[{"embeddable":true,"href":"https:\/\/www.ff-bisamberg.at\/index.php?rest_route=\/wp\/v2\/users\/3"}],"replies":[{"embeddable":true,"href":"https:\/\/www.ff-bisamberg.at\/index.php?rest_route=%2Fwp%2Fv2%2Fcomments&post=1995"}],"version-history":[{"count":6,"href":"https:\/\/www.ff-bisamberg.at\/index.php?rest_route=\/wp\/v2\/posts\/1995\/revisions"}],"predecessor-version":[{"id":2045,"href":"https:\/\/www.ff-bisamberg.at\/index.php?rest_route=\/wp\/v2\/posts\/1995\/revisions\/2045"}],"wp:featuredmedia":[{"embeddable":true,"href":"https:\/\/www.ff-bisamberg.at\/index.php?rest_route=\/wp\/v2\/media\/2021"}],"wp:attachment":[{"href":"https:\/\/www.ff-bisamberg.at\/index.php?rest_route=%2Fwp%2Fv2%2Fmedia&parent=1995"}],"wp:term":[{"taxonomy":"category","embeddable":true,"href":"https:\/\/www.ff-bisamberg.at\/index.php?rest_route=%2Fwp%2Fv2%2Fcategories&post=1995"},{"taxonomy":"post_tag","embeddable":true,"href":"https:\/\/www.ff-bisamberg.at\/index.php?rest_route=%2Fwp%2Fv2%2Ftags&post=1995"}],"curies":[{"name":"wp","href":"https:\/\/api.w.org\/{rel}","templated":true}]}}