{"id":2290,"date":"2020-02-22T10:15:31","date_gmt":"2020-02-22T09:15:31","guid":{"rendered":"https:\/\/www.ff-bisamberg.at\/?p=2290"},"modified":"2020-02-22T10:15:32","modified_gmt":"2020-02-22T09:15:32","slug":"brandeinsatz-am-22-februar-2020","status":"publish","type":"post","link":"https:\/\/www.ff-bisamberg.at\/?p=2290","title":{"rendered":"Brandeinsatz am 22. Februar 2020"},"content":{"rendered":"<p>Am Vormittag des Samstags wurden wir durch die automatische Feuermeldeanlage des Florian Berndl Bads zu einem Brand alarmiert.<!--more--><\/p>\n<p>Wie sich herausstellte, hatte es in einer Sauna gebrannt. Die Verantwortlichen vor Ort hatten das Feuer bereits gel\u00f6scht. Offenbar war ein Plastikbeh\u00e4lter mit einer Desinfektionsfl\u00fcssigkeit in Brand geraten, was zu einer Stichflamme gef\u00fchrt hat.<\/p>\n<p>Unsere Aufgabe war es noch mit der W\u00e4rmebildkamera nach eventuellen Glutnestern zu suchen und mit den Messger\u00e4ten die CO Konzentration zu messen.<\/p>\nngg_shortcode_0_placeholder\n","protected":false},"excerpt":{"rendered":"<p>Am Vormittag des Samstags wurden wir durch die automatische Feuermeldeanlage des Florian Berndl Bads zu einem Brand alarmiert.<\/p>\n","protected":false},"author":9,"featured_media":2292,"comment_status":"closed","ping_status":"open","sticky":false,"template":"","format":"standard","meta":{"ngg_post_thumbnail":905,"footnotes":""},"categories":[12],"tags":[],"class_list":["post-2290","post","type-post","status-publish","format-standard","has-post-thumbnail","hentry","category-einsaetze2020"],"publishpress_future_action":{"enabled":false,"date":"2026-05-06 22:57:28","action":"change-status","newStatus":"draft","terms":[],"taxonomy":"category","extraData":[]},"publishpress_future_workflow_manual_trigger":{"enabledWorkflows":[]},"_links":{"self":[{"href":"https:\/\/www.ff-bisamberg.at\/index.php?rest_route=\/wp\/v2\/posts\/2290","targetHints":{"allow":["GET"]}}],"collection":[{"href":"https:\/\/www.ff-bisamberg.at\/index.php?rest_route=\/wp\/v2\/posts"}],"about":[{"href":"https:\/\/www.ff-bisamberg.at\/index.php?rest_route=\/wp\/v2\/types\/post"}],"author":[{"embeddable":true,"href":"https:\/\/www.ff-bisamberg.at\/index.php?rest_route=\/wp\/v2\/users\/9"}],"replies":[{"embeddable":true,"href":"https:\/\/www.ff-bisamberg.at\/index.php?rest_route=%2Fwp%2Fv2%2Fcomments&post=2290"}],"version-history":[{"count":1,"href":"https:\/\/www.ff-bisamberg.at\/index.php?rest_route=\/wp\/v2\/posts\/2290\/revisions"}],"predecessor-version":[{"id":2291,"href":"https:\/\/www.ff-bisamberg.at\/index.php?rest_route=\/wp\/v2\/posts\/2290\/revisions\/2291"}],"wp:featuredmedia":[{"embeddable":true,"href":"https:\/\/www.ff-bisamberg.at\/index.php?rest_route=\/wp\/v2\/media\/2292"}],"wp:attachment":[{"href":"https:\/\/www.ff-bisamberg.at\/index.php?rest_route=%2Fwp%2Fv2%2Fmedia&parent=2290"}],"wp:term":[{"taxonomy":"category","embeddable":true,"href":"https:\/\/www.ff-bisamberg.at\/index.php?rest_route=%2Fwp%2Fv2%2Fcategories&post=2290"},{"taxonomy":"post_tag","embeddable":true,"href":"https:\/\/www.ff-bisamberg.at\/index.php?rest_route=%2Fwp%2Fv2%2Ftags&post=2290"}],"curies":[{"name":"wp","href":"https:\/\/api.w.org\/{rel}","templated":true}]}}