{"id":2335,"date":"2020-05-27T06:57:15","date_gmt":"2020-05-27T04:57:15","guid":{"rendered":"https:\/\/www.ff-bisamberg.at\/?p=2335"},"modified":"2020-05-27T06:57:36","modified_gmt":"2020-05-27T04:57:36","slug":"technischer-und-brandeinsatz-am-22-mai-2020","status":"publish","type":"post","link":"https:\/\/www.ff-bisamberg.at\/?p=2335","title":{"rendered":"Technischer Einsatz und Brandeinsatz am 22. Mai 2020"},"content":{"rendered":"<p>An diesem Tag wurde die Feuerwehr Bisamberg zu zwei Eins\u00e4tzen alarmiert. <!--more-->Kurz vor Mittag war der Berufungsgrund ein vermutlicher Gasaustritt in einem Einfamilienhaus. Es wurden Messungen mittels Mehrgasmessger\u00e4ten durchgef\u00fchrt, dabei konnte gl\u00fccklicherweise keine Gefahr festgestellt werden. Die Einsatzstelle wurde an den Netzbetreiber EVN \u00fcbergeben.<br \/>\nUm 22:00 Uhr wurden wir zur Unterst\u00fctzung der Freiwillige Feuerwehr der Stadt Korneuburg zu einem <a href=\"https:\/\/noe.orf.at\/stories\/3049996\/\">Brand in der Justizanstalt Korneuburg<\/a> alarmiert. Wir standen mit 4 Atemschutztrupps (4 Fahrzeuge, 22 Mitglieder) in Bereitschaft.<\/p>\nngg_shortcode_0_placeholder\n","protected":false},"excerpt":{"rendered":"<p>An diesem Tag wurde die Feuerwehr Bisamberg zu zwei Eins\u00e4tzen alarmiert.<\/p>\n","protected":false},"author":9,"featured_media":2337,"comment_status":"closed","ping_status":"open","sticky":false,"template":"","format":"standard","meta":{"ngg_post_thumbnail":0,"footnotes":""},"categories":[12],"tags":[],"class_list":["post-2335","post","type-post","status-publish","format-standard","has-post-thumbnail","hentry","category-einsaetze2020"],"publishpress_future_action":{"enabled":false,"date":"2026-05-07 04:18:05","action":"change-status","newStatus":"draft","terms":[],"taxonomy":"category","extraData":[]},"publishpress_future_workflow_manual_trigger":{"enabledWorkflows":[]},"_links":{"self":[{"href":"https:\/\/www.ff-bisamberg.at\/index.php?rest_route=\/wp\/v2\/posts\/2335","targetHints":{"allow":["GET"]}}],"collection":[{"href":"https:\/\/www.ff-bisamberg.at\/index.php?rest_route=\/wp\/v2\/posts"}],"about":[{"href":"https:\/\/www.ff-bisamberg.at\/index.php?rest_route=\/wp\/v2\/types\/post"}],"author":[{"embeddable":true,"href":"https:\/\/www.ff-bisamberg.at\/index.php?rest_route=\/wp\/v2\/users\/9"}],"replies":[{"embeddable":true,"href":"https:\/\/www.ff-bisamberg.at\/index.php?rest_route=%2Fwp%2Fv2%2Fcomments&post=2335"}],"version-history":[{"count":2,"href":"https:\/\/www.ff-bisamberg.at\/index.php?rest_route=\/wp\/v2\/posts\/2335\/revisions"}],"predecessor-version":[{"id":2338,"href":"https:\/\/www.ff-bisamberg.at\/index.php?rest_route=\/wp\/v2\/posts\/2335\/revisions\/2338"}],"wp:featuredmedia":[{"embeddable":true,"href":"https:\/\/www.ff-bisamberg.at\/index.php?rest_route=\/wp\/v2\/media\/2337"}],"wp:attachment":[{"href":"https:\/\/www.ff-bisamberg.at\/index.php?rest_route=%2Fwp%2Fv2%2Fmedia&parent=2335"}],"wp:term":[{"taxonomy":"category","embeddable":true,"href":"https:\/\/www.ff-bisamberg.at\/index.php?rest_route=%2Fwp%2Fv2%2Fcategories&post=2335"},{"taxonomy":"post_tag","embeddable":true,"href":"https:\/\/www.ff-bisamberg.at\/index.php?rest_route=%2Fwp%2Fv2%2Ftags&post=2335"}],"curies":[{"name":"wp","href":"https:\/\/api.w.org\/{rel}","templated":true}]}}