{"id":2411,"date":"2020-07-29T07:53:17","date_gmt":"2020-07-29T05:53:17","guid":{"rendered":"https:\/\/www.ff-bisamberg.at\/?p=2411"},"modified":"2020-07-29T07:53:17","modified_gmt":"2020-07-29T05:53:17","slug":"menschenrettung-am-28-juli-2020","status":"publish","type":"post","link":"https:\/\/www.ff-bisamberg.at\/?p=2411","title":{"rendered":"Menschenrettung am 28. Juli 2020"},"content":{"rendered":"<p>Kurz nach Mittag wurden wir mit dem Alarmstichwort \u201eT2 &#8211; Person in Notlage\u201c in die Bisamberger Hauptstra\u00dfe alarmiert.<!--more--> Aus unbekannter Ursache versperrte sich ein PKW, w\u00e4hrend Autoschl\u00fcssel und ein Baby sich noch darin befanden. Folgerichtig alarmierte die Mutter umgehend die Feuerwehr. Die ausger\u00fcckte Mannschaft entfernte eine Seitenscheibe und verschaffte sich so sofort Zugang in den Innenraum. Das Baby konnte wohlauf der Mutter \u00fcbergeben werden.<\/p>\n<p>Zur Erinnerung: Bereits nach kurzer Zeit in der prallen Sonne kann es in einem PKW mit geschlossenen Scheiben zu gef\u00e4hrlichen Temperaturen kommen!<\/p>\n","protected":false},"excerpt":{"rendered":"<p>Kurz nach Mittag wurden wir mit dem Alarmstichwort \u201eT2 &#8211; Person in Notlage\u201c in die Bisamberger Hauptstra\u00dfe alarmiert.<\/p>\n","protected":false},"author":9,"featured_media":2413,"comment_status":"closed","ping_status":"open","sticky":false,"template":"","format":"standard","meta":{"ngg_post_thumbnail":0,"footnotes":""},"categories":[12],"tags":[],"class_list":["post-2411","post","type-post","status-publish","format-standard","has-post-thumbnail","hentry","category-einsaetze2020"],"publishpress_future_action":{"enabled":false,"date":"2026-05-08 16:35:02","action":"change-status","newStatus":"draft","terms":[],"taxonomy":"category","extraData":[]},"publishpress_future_workflow_manual_trigger":{"enabledWorkflows":[]},"_links":{"self":[{"href":"https:\/\/www.ff-bisamberg.at\/index.php?rest_route=\/wp\/v2\/posts\/2411","targetHints":{"allow":["GET"]}}],"collection":[{"href":"https:\/\/www.ff-bisamberg.at\/index.php?rest_route=\/wp\/v2\/posts"}],"about":[{"href":"https:\/\/www.ff-bisamberg.at\/index.php?rest_route=\/wp\/v2\/types\/post"}],"author":[{"embeddable":true,"href":"https:\/\/www.ff-bisamberg.at\/index.php?rest_route=\/wp\/v2\/users\/9"}],"replies":[{"embeddable":true,"href":"https:\/\/www.ff-bisamberg.at\/index.php?rest_route=%2Fwp%2Fv2%2Fcomments&post=2411"}],"version-history":[{"count":1,"href":"https:\/\/www.ff-bisamberg.at\/index.php?rest_route=\/wp\/v2\/posts\/2411\/revisions"}],"predecessor-version":[{"id":2412,"href":"https:\/\/www.ff-bisamberg.at\/index.php?rest_route=\/wp\/v2\/posts\/2411\/revisions\/2412"}],"wp:featuredmedia":[{"embeddable":true,"href":"https:\/\/www.ff-bisamberg.at\/index.php?rest_route=\/wp\/v2\/media\/2413"}],"wp:attachment":[{"href":"https:\/\/www.ff-bisamberg.at\/index.php?rest_route=%2Fwp%2Fv2%2Fmedia&parent=2411"}],"wp:term":[{"taxonomy":"category","embeddable":true,"href":"https:\/\/www.ff-bisamberg.at\/index.php?rest_route=%2Fwp%2Fv2%2Fcategories&post=2411"},{"taxonomy":"post_tag","embeddable":true,"href":"https:\/\/www.ff-bisamberg.at\/index.php?rest_route=%2Fwp%2Fv2%2Ftags&post=2411"}],"curies":[{"name":"wp","href":"https:\/\/api.w.org\/{rel}","templated":true}]}}