{"id":2525,"date":"2021-01-08T21:29:43","date_gmt":"2021-01-08T20:29:43","guid":{"rendered":"https:\/\/www.ff-bisamberg.at\/?p=2525"},"modified":"2021-01-09T10:35:34","modified_gmt":"2021-01-09T09:35:34","slug":"wahl-des-feuerwehrkommandos-am-8-jaenner-2021","status":"publish","type":"post","link":"https:\/\/www.ff-bisamberg.at\/?p=2525","title":{"rendered":"Wahl des Feuerwehrkommandos am 8. J\u00e4nner 2021"},"content":{"rendered":"<p>Am Freitag, dem 8. J\u00e4nner 2021, fand die turnusm\u00e4\u00dfige Neuwahl (alle 5 Jahre) des Feuerwehrkommandos statt.<!--more--> Nach 15j\u00e4hriger (!) T\u00e4tigkeit als Feuerwehrkommandant-Stellvertreter trat Franz Fischer jun. nicht mehr zur Wahl an.<br \/>\nDem Wahlvorsitzenden, B\u00fcrgermeister <a href=\"https:\/\/www.facebook.com\/guenter.trettenhahn?__cft__[0]=AZW4xKulZ1xCRtoetxXA7Jd97vKk2-O4zssDStCgGwjIGn8ogXDNkNTP0uorgdUhgQvIaLRox7cm9MfsUa_YOesG65g9jUPSEDi8Q5eqeD9YSZaa9NroePaCvTaT-2kereyqXt65F7m7FfmOJ2xGUs_6v1BpRXhVQAl5bswa3HiUX5lUvgGRXXXQ_o6YSev-xNQdhygSJUf2zkZmHuYzjBnZ7f0M9nNVBicfPhKfs2cODg&amp;__tn__=-]K-R\">G\u00fcnter Trettenhahn<\/a>, wurden jeweils ein Wahlvorschlag f\u00fcr die Funktionen des Feuerwehrkommandanten und 1. Feuerwehrkommandanten-Stellvertreter abgegeben. Der Wahl wohnte auch Vizeb\u00fcrgermeister Rupert Sitz bei.<br \/>\nUnter Einhaltung der entsprechenden Hygiene- und Sicherheitsma\u00dfnahmen wurde die Wahlversammlung in der Fahrzeughalle des Feuerwehrhauses abgehalten. Nach rund 90 Minuten stand das Ergebnis fest:<\/p>\n<p>Als Feuerwehrkommandant wurde <a href=\"https:\/\/www.facebook.com\/fritz.haller.16?__cft__[0]=AZW4xKulZ1xCRtoetxXA7Jd97vKk2-O4zssDStCgGwjIGn8ogXDNkNTP0uorgdUhgQvIaLRox7cm9MfsUa_YOesG65g9jUPSEDi8Q5eqeD9YSZaa9NroePaCvTaT-2kereyqXt65F7m7FfmOJ2xGUs_6v1BpRXhVQAl5bswa3HiUX5lUvgGRXXXQ_o6YSev-xNQdhygSJUf2zkZmHuYzjBnZ7f0M9nNVBicfPhKfs2cODg&amp;__tn__=-]K-R\">Fritz Haller<\/a> wiedergew\u00e4hlt, neuer 1. Feuerwehrkommandant Stellvertreter ist <a href=\"https:\/\/www.facebook.com\/michael.harold.545\">Michael Harold<\/a>.<\/p>\n<p>Zum Leiter des Verwaltungsdienstes wurde, wie auch zuletzt, Mario Maruna ernannt.<\/p>\nngg_shortcode_0_placeholder\n","protected":false},"excerpt":{"rendered":"<p>Am Freitag, dem 8. J\u00e4nner 2021, fand die turnusm\u00e4\u00dfige Neuwahl (alle 5 Jahre) des Feuerwehrkommandos statt.<\/p>\n","protected":false},"author":9,"featured_media":2529,"comment_status":"closed","ping_status":"open","sticky":false,"template":"","format":"standard","meta":{"ngg_post_thumbnail":0,"footnotes":""},"categories":[19],"tags":[],"class_list":["post-2525","post","type-post","status-publish","format-standard","has-post-thumbnail","hentry","category-presse2021"],"publishpress_future_action":{"enabled":false,"date":"2026-05-08 06:36:34","action":"change-status","newStatus":"draft","terms":[],"taxonomy":"category","extraData":[]},"publishpress_future_workflow_manual_trigger":{"enabledWorkflows":[]},"_links":{"self":[{"href":"https:\/\/www.ff-bisamberg.at\/index.php?rest_route=\/wp\/v2\/posts\/2525","targetHints":{"allow":["GET"]}}],"collection":[{"href":"https:\/\/www.ff-bisamberg.at\/index.php?rest_route=\/wp\/v2\/posts"}],"about":[{"href":"https:\/\/www.ff-bisamberg.at\/index.php?rest_route=\/wp\/v2\/types\/post"}],"author":[{"embeddable":true,"href":"https:\/\/www.ff-bisamberg.at\/index.php?rest_route=\/wp\/v2\/users\/9"}],"replies":[{"embeddable":true,"href":"https:\/\/www.ff-bisamberg.at\/index.php?rest_route=%2Fwp%2Fv2%2Fcomments&post=2525"}],"version-history":[{"count":5,"href":"https:\/\/www.ff-bisamberg.at\/index.php?rest_route=\/wp\/v2\/posts\/2525\/revisions"}],"predecessor-version":[{"id":2535,"href":"https:\/\/www.ff-bisamberg.at\/index.php?rest_route=\/wp\/v2\/posts\/2525\/revisions\/2535"}],"wp:featuredmedia":[{"embeddable":true,"href":"https:\/\/www.ff-bisamberg.at\/index.php?rest_route=\/wp\/v2\/media\/2529"}],"wp:attachment":[{"href":"https:\/\/www.ff-bisamberg.at\/index.php?rest_route=%2Fwp%2Fv2%2Fmedia&parent=2525"}],"wp:term":[{"taxonomy":"category","embeddable":true,"href":"https:\/\/www.ff-bisamberg.at\/index.php?rest_route=%2Fwp%2Fv2%2Fcategories&post=2525"},{"taxonomy":"post_tag","embeddable":true,"href":"https:\/\/www.ff-bisamberg.at\/index.php?rest_route=%2Fwp%2Fv2%2Ftags&post=2525"}],"curies":[{"name":"wp","href":"https:\/\/api.w.org\/{rel}","templated":true}]}}