{"id":2709,"date":"2022-06-04T16:48:10","date_gmt":"2022-06-04T14:48:10","guid":{"rendered":"https:\/\/www.ff-bisamberg.at\/?p=2709"},"modified":"2022-06-04T16:48:10","modified_gmt":"2022-06-04T14:48:10","slug":"4-juni-2022-neue-einsatzbekleidung-technische-jacke","status":"publish","type":"post","link":"https:\/\/www.ff-bisamberg.at\/?p=2709","title":{"rendered":"4. Juni 2022 &#8211; Neue Einsatzbekleidung &#8211; technische Jacke"},"content":{"rendered":"<p>Letzte Woche war die Freude bei der FF Bisamberg gro\u00df. Wir konnten endlich unsere neuen technischen Einsatzjacken ausfassen. <!--more--><br \/>\nDie alten technischen Jacken hatten nach 16 Jahren das Ende ihrer Lebenszeit erreicht.<br \/>\nDie neuen Jacken bieten folgende Vorteile:<\/p>\n<ul>\n<li>sind f\u00fcr technische Eins\u00e4tze und f\u00fcr Wald -und Flurbr\u00e4nde ausgelegt<\/li>\n<li>durch den roten Koller wird die Verwechslungsgefahr zur Branddienst Jacke vermieden<\/li>\n<li>weitere Taschen mit unter f\u00fcr das Funkger\u00e4t<\/li>\n<li>zus\u00e4tzliche Reflektoren f\u00fcr die erh\u00f6hte Sichtbarkeit der Einsatzkr\u00e4fte<\/li>\n<\/ul>\n<p>Die Finanzierung der Jacken wurde zu 100% von der FF Bisamberg, aus Spenden und dem Erl\u00f6s der Aktion &#8222;Sicherheitscard&#8220; \u00fcbernommen. Somit sind wir f\u00fcr die kommenden Eins\u00e4tze noch besser gesch\u00fctzt. Wir danken unserem Ausstatter <a href=\"http:\/\/www.dkm-austria.com\">www.dkm-austria.com<\/a>.<\/p>\nngg_shortcode_0_placeholder\n","protected":false},"excerpt":{"rendered":"<p>Letzte Woche war die Freude bei der FF Bisamberg gro\u00df. Wir konnten endlich unsere neuen technischen Einsatzjacken ausfassen.<\/p>\n","protected":false},"author":9,"featured_media":2711,"comment_status":"closed","ping_status":"open","sticky":false,"template":"","format":"standard","meta":{"ngg_post_thumbnail":1047,"footnotes":""},"categories":[26],"tags":[],"class_list":["post-2709","post","type-post","status-publish","format-standard","has-post-thumbnail","hentry","category-presse2022"],"publishpress_future_action":{"enabled":false,"date":"2026-05-07 23:26:36","action":"change-status","newStatus":"draft","terms":[],"taxonomy":"category","extraData":[]},"publishpress_future_workflow_manual_trigger":{"enabledWorkflows":[]},"_links":{"self":[{"href":"https:\/\/www.ff-bisamberg.at\/index.php?rest_route=\/wp\/v2\/posts\/2709","targetHints":{"allow":["GET"]}}],"collection":[{"href":"https:\/\/www.ff-bisamberg.at\/index.php?rest_route=\/wp\/v2\/posts"}],"about":[{"href":"https:\/\/www.ff-bisamberg.at\/index.php?rest_route=\/wp\/v2\/types\/post"}],"author":[{"embeddable":true,"href":"https:\/\/www.ff-bisamberg.at\/index.php?rest_route=\/wp\/v2\/users\/9"}],"replies":[{"embeddable":true,"href":"https:\/\/www.ff-bisamberg.at\/index.php?rest_route=%2Fwp%2Fv2%2Fcomments&post=2709"}],"version-history":[{"count":1,"href":"https:\/\/www.ff-bisamberg.at\/index.php?rest_route=\/wp\/v2\/posts\/2709\/revisions"}],"predecessor-version":[{"id":2710,"href":"https:\/\/www.ff-bisamberg.at\/index.php?rest_route=\/wp\/v2\/posts\/2709\/revisions\/2710"}],"wp:featuredmedia":[{"embeddable":true,"href":"https:\/\/www.ff-bisamberg.at\/index.php?rest_route=\/wp\/v2\/media\/2711"}],"wp:attachment":[{"href":"https:\/\/www.ff-bisamberg.at\/index.php?rest_route=%2Fwp%2Fv2%2Fmedia&parent=2709"}],"wp:term":[{"taxonomy":"category","embeddable":true,"href":"https:\/\/www.ff-bisamberg.at\/index.php?rest_route=%2Fwp%2Fv2%2Fcategories&post=2709"},{"taxonomy":"post_tag","embeddable":true,"href":"https:\/\/www.ff-bisamberg.at\/index.php?rest_route=%2Fwp%2Fv2%2Ftags&post=2709"}],"curies":[{"name":"wp","href":"https:\/\/api.w.org\/{rel}","templated":true}]}}