{"id":2973,"date":"2022-09-10T14:18:34","date_gmt":"2022-09-10T12:18:34","guid":{"rendered":"https:\/\/www.ff-bisamberg.at\/?p=2973"},"modified":"2022-09-10T14:18:34","modified_gmt":"2022-09-10T12:18:34","slug":"5-september-2022-technischer-einsatz-garagenoeffnung","status":"publish","type":"post","link":"https:\/\/www.ff-bisamberg.at\/?p=2973","title":{"rendered":"5. September 2022 &#8211; Technischer Einsatz Garagen\u00f6ffnung"},"content":{"rendered":"<p>Gestern Nacht, wurden wir um kurz vor 23 Uhr, zu einem technischen Einsatz in Bisamberg alarmiert.<!--more--> Eine Person war in seiner Garage eingesperrt und konnte diese aufgrund eines technischen Fehlers, nicht mehr \u00f6ffnen.<\/p>\n<p>Nach der Lagefeststellung wurde entschieden, mittels hydraulischen T\u00fcr\u00f6ffner und den pneumatischen Hebekissen, das Garagentor anzuheben. Letztlich konnte die Person ohne gr\u00f6bere Ma\u00dfnahmen, aus der misslichen Lage befreit werden.<\/p>\n<p>Die Feuerwehr Bisamberg stand mit 3 Fahrzeugen und 17 Mitgliedern rund eine halbe Stunde im Einsatz.<\/p>\nngg_shortcode_0_placeholder\n","protected":false},"excerpt":{"rendered":"<p>Gestern Nacht, wurden wir um kurz vor 23 Uhr, zu einem technischen Einsatz in Bisamberg alarmiert.<\/p>\n","protected":false},"author":9,"featured_media":2975,"comment_status":"closed","ping_status":"open","sticky":false,"template":"","format":"standard","meta":{"ngg_post_thumbnail":1185,"footnotes":""},"categories":[24],"tags":[],"class_list":["post-2973","post","type-post","status-publish","format-standard","has-post-thumbnail","hentry","category-einsaetze2022"],"publishpress_future_action":{"enabled":false,"date":"2026-05-07 22:44:15","action":"change-status","newStatus":"draft","terms":[],"taxonomy":"category","extraData":[]},"publishpress_future_workflow_manual_trigger":{"enabledWorkflows":[]},"_links":{"self":[{"href":"https:\/\/www.ff-bisamberg.at\/index.php?rest_route=\/wp\/v2\/posts\/2973","targetHints":{"allow":["GET"]}}],"collection":[{"href":"https:\/\/www.ff-bisamberg.at\/index.php?rest_route=\/wp\/v2\/posts"}],"about":[{"href":"https:\/\/www.ff-bisamberg.at\/index.php?rest_route=\/wp\/v2\/types\/post"}],"author":[{"embeddable":true,"href":"https:\/\/www.ff-bisamberg.at\/index.php?rest_route=\/wp\/v2\/users\/9"}],"replies":[{"embeddable":true,"href":"https:\/\/www.ff-bisamberg.at\/index.php?rest_route=%2Fwp%2Fv2%2Fcomments&post=2973"}],"version-history":[{"count":1,"href":"https:\/\/www.ff-bisamberg.at\/index.php?rest_route=\/wp\/v2\/posts\/2973\/revisions"}],"predecessor-version":[{"id":2974,"href":"https:\/\/www.ff-bisamberg.at\/index.php?rest_route=\/wp\/v2\/posts\/2973\/revisions\/2974"}],"wp:featuredmedia":[{"embeddable":true,"href":"https:\/\/www.ff-bisamberg.at\/index.php?rest_route=\/wp\/v2\/media\/2975"}],"wp:attachment":[{"href":"https:\/\/www.ff-bisamberg.at\/index.php?rest_route=%2Fwp%2Fv2%2Fmedia&parent=2973"}],"wp:term":[{"taxonomy":"category","embeddable":true,"href":"https:\/\/www.ff-bisamberg.at\/index.php?rest_route=%2Fwp%2Fv2%2Fcategories&post=2973"},{"taxonomy":"post_tag","embeddable":true,"href":"https:\/\/www.ff-bisamberg.at\/index.php?rest_route=%2Fwp%2Fv2%2Ftags&post=2973"}],"curies":[{"name":"wp","href":"https:\/\/api.w.org\/{rel}","templated":true}]}}