{"id":3020,"date":"2022-10-14T20:02:41","date_gmt":"2022-10-14T18:02:41","guid":{"rendered":"https:\/\/www.ff-bisamberg.at\/?p=3020"},"modified":"2022-10-14T20:02:41","modified_gmt":"2022-10-14T18:02:41","slug":"28-september-2022-technischer-und-brandeinsatz-fahrzeugbergung-und-brandmelder","status":"publish","type":"post","link":"https:\/\/www.ff-bisamberg.at\/?p=3020","title":{"rendered":"28. September 2022 &#8211; Technischer und Brandeinsatz &#8211; Fahrzeugbergung und Brandmelder"},"content":{"rendered":"<p>Am Vormittag des 28.9., wurden wir innerhalb von 30 Minuten zu zwei Eins\u00e4tzen alarmiert.<!--more--> Der erste Einsatz war eine Fahrzeugbergung aufgrund eines Auffahrunfalls. Zwei Pkw\u2019s waren beteiligt, es gab keine Verletzten. Das nicht mehr fahrbereite Fahrzeug wurde von uns versetzt und die Stra\u00dfe war nach kurzer Zeit wieder befahrbar.<br \/>\nDer zweite Einsatz ist 7 Minuten nach dem wir einger\u00fcckt sind, ausgel\u00f6st worden. Es handelte sich um einen Alarm von einer Brandmeldeanlage, welche durch Bauarbeiten ausgel\u00f6st hat. Nach der Besichtigung des betroffenen Bereichs, waren keine weiteren Ma\u00dfnahmen von uns mehr notwendig und wir sind nach kurzer Zeit wieder einsatzbereit einger\u00fcckt.<\/p>\nngg_shortcode_0_placeholder\n","protected":false},"excerpt":{"rendered":"<p>Am Vormittag des 28.9., wurden wir innerhalb von 30 Minuten zu zwei Eins\u00e4tzen alarmiert.<\/p>\n","protected":false},"author":9,"featured_media":3022,"comment_status":"closed","ping_status":"open","sticky":false,"template":"","format":"standard","meta":{"ngg_post_thumbnail":1206,"footnotes":""},"categories":[24],"tags":[],"class_list":["post-3020","post","type-post","status-publish","format-standard","has-post-thumbnail","hentry","category-einsaetze2022"],"publishpress_future_action":{"enabled":false,"date":"2026-05-07 21:30:01","action":"change-status","newStatus":"draft","terms":[],"taxonomy":"category","extraData":[]},"publishpress_future_workflow_manual_trigger":{"enabledWorkflows":[]},"_links":{"self":[{"href":"https:\/\/www.ff-bisamberg.at\/index.php?rest_route=\/wp\/v2\/posts\/3020","targetHints":{"allow":["GET"]}}],"collection":[{"href":"https:\/\/www.ff-bisamberg.at\/index.php?rest_route=\/wp\/v2\/posts"}],"about":[{"href":"https:\/\/www.ff-bisamberg.at\/index.php?rest_route=\/wp\/v2\/types\/post"}],"author":[{"embeddable":true,"href":"https:\/\/www.ff-bisamberg.at\/index.php?rest_route=\/wp\/v2\/users\/9"}],"replies":[{"embeddable":true,"href":"https:\/\/www.ff-bisamberg.at\/index.php?rest_route=%2Fwp%2Fv2%2Fcomments&post=3020"}],"version-history":[{"count":1,"href":"https:\/\/www.ff-bisamberg.at\/index.php?rest_route=\/wp\/v2\/posts\/3020\/revisions"}],"predecessor-version":[{"id":3021,"href":"https:\/\/www.ff-bisamberg.at\/index.php?rest_route=\/wp\/v2\/posts\/3020\/revisions\/3021"}],"wp:featuredmedia":[{"embeddable":true,"href":"https:\/\/www.ff-bisamberg.at\/index.php?rest_route=\/wp\/v2\/media\/3022"}],"wp:attachment":[{"href":"https:\/\/www.ff-bisamberg.at\/index.php?rest_route=%2Fwp%2Fv2%2Fmedia&parent=3020"}],"wp:term":[{"taxonomy":"category","embeddable":true,"href":"https:\/\/www.ff-bisamberg.at\/index.php?rest_route=%2Fwp%2Fv2%2Fcategories&post=3020"},{"taxonomy":"post_tag","embeddable":true,"href":"https:\/\/www.ff-bisamberg.at\/index.php?rest_route=%2Fwp%2Fv2%2Ftags&post=3020"}],"curies":[{"name":"wp","href":"https:\/\/api.w.org\/{rel}","templated":true}]}}