{"id":3118,"date":"2023-01-15T21:36:14","date_gmt":"2023-01-15T20:36:14","guid":{"rendered":"https:\/\/www.ff-bisamberg.at\/?p=3118"},"modified":"2023-01-15T21:36:14","modified_gmt":"2023-01-15T20:36:14","slug":"11-dezember-2022-technischer-einsatz-fahrzeugbergung","status":"publish","type":"post","link":"https:\/\/www.ff-bisamberg.at\/?p=3118","title":{"rendered":"11. Dezember 2022 &#8211; Technischer Einsatz &#8211; Fahrzeugbergung"},"content":{"rendered":"<p>Am Abend wurden wir zu einer Fahrzeugbergung am Bisamberg alarmiert.<!--more--> Zwei Fahrzeuge, haben sich aufgrund des steilen und rutschigen Untergrunds festgefahren und standen rund 120 Meter entfernt vom Weg. Mittels der Seilwinde von unserem Kommando Fahrzeug, konnten wir die beiden PKW\u2018s rasch bergen.<br \/>\nUnsere gel\u00e4ndeg\u00e4ngigen Einsatzfahrzeuge haben sich wiedermal bew\u00e4hrt.<br \/>\nDie Feuerwehr Bisamberg, stand mit drei Fahrzeugen und 15 Mitgliedern rund 90 Min im Einsatz.<\/p>\nngg_shortcode_0_placeholder\n","protected":false},"excerpt":{"rendered":"<p>Am Abend wurden wir zu einer Fahrzeugbergung am Bisamberg alarmiert.<\/p>\n","protected":false},"author":9,"featured_media":3120,"comment_status":"closed","ping_status":"open","sticky":false,"template":"","format":"standard","meta":{"ngg_post_thumbnail":1216,"footnotes":""},"categories":[24],"tags":[],"class_list":["post-3118","post","type-post","status-publish","format-standard","has-post-thumbnail","hentry","category-einsaetze2022"],"publishpress_future_action":{"enabled":false,"date":"2026-05-06 23:57:54","action":"change-status","newStatus":"draft","terms":[],"taxonomy":"category","extraData":[]},"publishpress_future_workflow_manual_trigger":{"enabledWorkflows":[]},"_links":{"self":[{"href":"https:\/\/www.ff-bisamberg.at\/index.php?rest_route=\/wp\/v2\/posts\/3118","targetHints":{"allow":["GET"]}}],"collection":[{"href":"https:\/\/www.ff-bisamberg.at\/index.php?rest_route=\/wp\/v2\/posts"}],"about":[{"href":"https:\/\/www.ff-bisamberg.at\/index.php?rest_route=\/wp\/v2\/types\/post"}],"author":[{"embeddable":true,"href":"https:\/\/www.ff-bisamberg.at\/index.php?rest_route=\/wp\/v2\/users\/9"}],"replies":[{"embeddable":true,"href":"https:\/\/www.ff-bisamberg.at\/index.php?rest_route=%2Fwp%2Fv2%2Fcomments&post=3118"}],"version-history":[{"count":1,"href":"https:\/\/www.ff-bisamberg.at\/index.php?rest_route=\/wp\/v2\/posts\/3118\/revisions"}],"predecessor-version":[{"id":3119,"href":"https:\/\/www.ff-bisamberg.at\/index.php?rest_route=\/wp\/v2\/posts\/3118\/revisions\/3119"}],"wp:featuredmedia":[{"embeddable":true,"href":"https:\/\/www.ff-bisamberg.at\/index.php?rest_route=\/wp\/v2\/media\/3120"}],"wp:attachment":[{"href":"https:\/\/www.ff-bisamberg.at\/index.php?rest_route=%2Fwp%2Fv2%2Fmedia&parent=3118"}],"wp:term":[{"taxonomy":"category","embeddable":true,"href":"https:\/\/www.ff-bisamberg.at\/index.php?rest_route=%2Fwp%2Fv2%2Fcategories&post=3118"},{"taxonomy":"post_tag","embeddable":true,"href":"https:\/\/www.ff-bisamberg.at\/index.php?rest_route=%2Fwp%2Fv2%2Ftags&post=3118"}],"curies":[{"name":"wp","href":"https:\/\/api.w.org\/{rel}","templated":true}]}}