{"id":3513,"date":"2023-08-19T17:17:21","date_gmt":"2023-08-19T15:17:21","guid":{"rendered":"https:\/\/www.ff-bisamberg.at\/?p=3513"},"modified":"2023-08-19T17:17:21","modified_gmt":"2023-08-19T15:17:21","slug":"05-august-2023-ausbildungsabschluss-truppmann","status":"publish","type":"post","link":"https:\/\/www.ff-bisamberg.at\/?p=3513","title":{"rendered":"05. August 2023 &#8211; Ausbildungsabschluss Truppmann"},"content":{"rendered":"<p>Dieses Wochenende konnten drei Mitglieder der Feuerwehr Bisamberg das Modul &#8222;Abschluss Truppmann&#8220; erfolgreich absolvieren. <!--more-->Nach wochenlanger Grundausbildung galt es eine schriftliche \u00dcberpr\u00fcfung mit 20 Fragen sowie praktische T\u00e4tigkeiten der Technischen- und L\u00f6schgruppe unter Beweis zu stellen.<br \/>\nWir gratulieren unseren Feuerwehrmitgliedern!<\/p>\nngg_shortcode_0_placeholder\n","protected":false},"excerpt":{"rendered":"<p>Dieses Wochenende konnten drei Mitglieder der Feuerwehr Bisamberg das Modul &#8222;Abschluss Truppmann&#8220; erfolgreich absolvieren.<\/p>\n","protected":false},"author":9,"featured_media":3515,"comment_status":"closed","ping_status":"open","sticky":false,"template":"","format":"standard","meta":{"ngg_post_thumbnail":1397,"footnotes":""},"categories":[29],"tags":[],"class_list":["post-3513","post","type-post","status-publish","format-standard","has-post-thumbnail","hentry","category-ausbildung2023"],"publishpress_future_action":{"enabled":false,"date":"2026-05-07 10:46:48","action":"change-status","newStatus":"draft","terms":[],"taxonomy":"category","extraData":[]},"publishpress_future_workflow_manual_trigger":{"enabledWorkflows":[]},"_links":{"self":[{"href":"https:\/\/www.ff-bisamberg.at\/index.php?rest_route=\/wp\/v2\/posts\/3513","targetHints":{"allow":["GET"]}}],"collection":[{"href":"https:\/\/www.ff-bisamberg.at\/index.php?rest_route=\/wp\/v2\/posts"}],"about":[{"href":"https:\/\/www.ff-bisamberg.at\/index.php?rest_route=\/wp\/v2\/types\/post"}],"author":[{"embeddable":true,"href":"https:\/\/www.ff-bisamberg.at\/index.php?rest_route=\/wp\/v2\/users\/9"}],"replies":[{"embeddable":true,"href":"https:\/\/www.ff-bisamberg.at\/index.php?rest_route=%2Fwp%2Fv2%2Fcomments&post=3513"}],"version-history":[{"count":1,"href":"https:\/\/www.ff-bisamberg.at\/index.php?rest_route=\/wp\/v2\/posts\/3513\/revisions"}],"predecessor-version":[{"id":3514,"href":"https:\/\/www.ff-bisamberg.at\/index.php?rest_route=\/wp\/v2\/posts\/3513\/revisions\/3514"}],"wp:featuredmedia":[{"embeddable":true,"href":"https:\/\/www.ff-bisamberg.at\/index.php?rest_route=\/wp\/v2\/media\/3515"}],"wp:attachment":[{"href":"https:\/\/www.ff-bisamberg.at\/index.php?rest_route=%2Fwp%2Fv2%2Fmedia&parent=3513"}],"wp:term":[{"taxonomy":"category","embeddable":true,"href":"https:\/\/www.ff-bisamberg.at\/index.php?rest_route=%2Fwp%2Fv2%2Fcategories&post=3513"},{"taxonomy":"post_tag","embeddable":true,"href":"https:\/\/www.ff-bisamberg.at\/index.php?rest_route=%2Fwp%2Fv2%2Ftags&post=3513"}],"curies":[{"name":"wp","href":"https:\/\/api.w.org\/{rel}","templated":true}]}}