{"id":3663,"date":"2023-12-23T20:36:57","date_gmt":"2023-12-23T19:36:57","guid":{"rendered":"https:\/\/www.ff-bisamberg.at\/?p=3663"},"modified":"2023-12-23T20:36:57","modified_gmt":"2023-12-23T19:36:57","slug":"23-dezember-2023-brandeinsatz-brandmeldealarm","status":"publish","type":"post","link":"https:\/\/www.ff-bisamberg.at\/?p=3663","title":{"rendered":"23. Dezember 2023 &#8211; Brandeinsatz &#8211; Brandmeldealarm"},"content":{"rendered":"<p>Kurz nach 19 Uhr wurden wir zu einem Brandverdacht alarmiert.<!--more--> Eine Brandmeldeanlage hat in einer K\u00fcche ausgel\u00f6st. Nach Ankunft an der Einsatzstelle konnte rasch festgestellt werden, dass es es sich um einen T\u00e4uschungsalarm handelte, somit waren keine weiteren Ma\u00dfnahmen von der Feuerwehr Bisamberg notwendig.<\/p>\n<p>Die Anlage wurde zur\u00fcck gestellt und wir konnten wieder einsatzbereit einr\u00fccken.<\/p>\n<p>F\u00fcr die Feuerwehr Bisamberg war das der 101 Einsatz in diesem Jahr.<\/p>\nngg_shortcode_0_placeholder\n","protected":false},"excerpt":{"rendered":"<p>Kurz nach 19 Uhr wurden wir zu einem Brandverdacht alarmiert.<\/p>\n","protected":false},"author":9,"featured_media":3665,"comment_status":"closed","ping_status":"open","sticky":false,"template":"","format":"standard","meta":{"ngg_post_thumbnail":1458,"footnotes":""},"categories":[30],"tags":[],"class_list":["post-3663","post","type-post","status-publish","format-standard","has-post-thumbnail","hentry","category-einsaetze2023"],"publishpress_future_action":{"enabled":false,"date":"2026-05-09 00:38:50","action":"change-status","newStatus":"draft","terms":[],"taxonomy":"category","extraData":[]},"publishpress_future_workflow_manual_trigger":{"enabledWorkflows":[]},"_links":{"self":[{"href":"https:\/\/www.ff-bisamberg.at\/index.php?rest_route=\/wp\/v2\/posts\/3663","targetHints":{"allow":["GET"]}}],"collection":[{"href":"https:\/\/www.ff-bisamberg.at\/index.php?rest_route=\/wp\/v2\/posts"}],"about":[{"href":"https:\/\/www.ff-bisamberg.at\/index.php?rest_route=\/wp\/v2\/types\/post"}],"author":[{"embeddable":true,"href":"https:\/\/www.ff-bisamberg.at\/index.php?rest_route=\/wp\/v2\/users\/9"}],"replies":[{"embeddable":true,"href":"https:\/\/www.ff-bisamberg.at\/index.php?rest_route=%2Fwp%2Fv2%2Fcomments&post=3663"}],"version-history":[{"count":1,"href":"https:\/\/www.ff-bisamberg.at\/index.php?rest_route=\/wp\/v2\/posts\/3663\/revisions"}],"predecessor-version":[{"id":3664,"href":"https:\/\/www.ff-bisamberg.at\/index.php?rest_route=\/wp\/v2\/posts\/3663\/revisions\/3664"}],"wp:featuredmedia":[{"embeddable":true,"href":"https:\/\/www.ff-bisamberg.at\/index.php?rest_route=\/wp\/v2\/media\/3665"}],"wp:attachment":[{"href":"https:\/\/www.ff-bisamberg.at\/index.php?rest_route=%2Fwp%2Fv2%2Fmedia&parent=3663"}],"wp:term":[{"taxonomy":"category","embeddable":true,"href":"https:\/\/www.ff-bisamberg.at\/index.php?rest_route=%2Fwp%2Fv2%2Fcategories&post=3663"},{"taxonomy":"post_tag","embeddable":true,"href":"https:\/\/www.ff-bisamberg.at\/index.php?rest_route=%2Fwp%2Fv2%2Ftags&post=3663"}],"curies":[{"name":"wp","href":"https:\/\/api.w.org\/{rel}","templated":true}]}}