{"id":3726,"date":"2024-01-14T16:56:43","date_gmt":"2024-01-14T15:56:43","guid":{"rendered":"https:\/\/www.ff-bisamberg.at\/?p=3726"},"modified":"2024-01-14T16:56:43","modified_gmt":"2024-01-14T15:56:43","slug":"14-jaenner-2024-technischer-einsatz-fahrzeugbergung","status":"publish","type":"post","link":"https:\/\/www.ff-bisamberg.at\/?p=3726","title":{"rendered":"14. J\u00e4nner 2024 &#8211; Technischer Einsatz &#8211; Fahrzeugbergung"},"content":{"rendered":"<p>Gegen 5 Uhr am Morgen des 14. J\u00e4nners, kam aus unbekannter Ursache ein Fahrzeug auf der Bergstra\u00dfe von der Fahrbahn ab.<!--more--><br \/>\nMittels Seilwinde des R\u00fcstl\u00f6schfahrzeugs wurde das Fahrzeug auf die Stra\u00dfe zur\u00fcckgezogen. Danach wurde das Fahrzeug gesichert abgestellt.<br \/>\nDie Feuerwehr Bisamberg stand mit 3 Fahrzeugen und 16 Mitgliedern rund eine Stunde im Einstaz.<\/p>\nngg_shortcode_0_placeholder\n","protected":false},"excerpt":{"rendered":"<p>Gegen 5 Uhr am Morgen des 14. J\u00e4nners, kam aus unbekannter Ursache ein Fahrzeug auf der Bergstra\u00dfe von der Fahrbahn ab.<\/p>\n","protected":false},"author":9,"featured_media":3728,"comment_status":"closed","ping_status":"open","sticky":false,"template":"","format":"standard","meta":{"ngg_post_thumbnail":1481,"footnotes":""},"categories":[42],"tags":[],"class_list":["post-3726","post","type-post","status-publish","format-standard","has-post-thumbnail","hentry","category-einsaetze-2024"],"publishpress_future_action":{"enabled":false,"date":"2026-05-08 20:13:15","action":"change-status","newStatus":"draft","terms":[],"taxonomy":"category","extraData":[]},"publishpress_future_workflow_manual_trigger":{"enabledWorkflows":[]},"_links":{"self":[{"href":"https:\/\/www.ff-bisamberg.at\/index.php?rest_route=\/wp\/v2\/posts\/3726","targetHints":{"allow":["GET"]}}],"collection":[{"href":"https:\/\/www.ff-bisamberg.at\/index.php?rest_route=\/wp\/v2\/posts"}],"about":[{"href":"https:\/\/www.ff-bisamberg.at\/index.php?rest_route=\/wp\/v2\/types\/post"}],"author":[{"embeddable":true,"href":"https:\/\/www.ff-bisamberg.at\/index.php?rest_route=\/wp\/v2\/users\/9"}],"replies":[{"embeddable":true,"href":"https:\/\/www.ff-bisamberg.at\/index.php?rest_route=%2Fwp%2Fv2%2Fcomments&post=3726"}],"version-history":[{"count":1,"href":"https:\/\/www.ff-bisamberg.at\/index.php?rest_route=\/wp\/v2\/posts\/3726\/revisions"}],"predecessor-version":[{"id":3727,"href":"https:\/\/www.ff-bisamberg.at\/index.php?rest_route=\/wp\/v2\/posts\/3726\/revisions\/3727"}],"wp:featuredmedia":[{"embeddable":true,"href":"https:\/\/www.ff-bisamberg.at\/index.php?rest_route=\/wp\/v2\/media\/3728"}],"wp:attachment":[{"href":"https:\/\/www.ff-bisamberg.at\/index.php?rest_route=%2Fwp%2Fv2%2Fmedia&parent=3726"}],"wp:term":[{"taxonomy":"category","embeddable":true,"href":"https:\/\/www.ff-bisamberg.at\/index.php?rest_route=%2Fwp%2Fv2%2Fcategories&post=3726"},{"taxonomy":"post_tag","embeddable":true,"href":"https:\/\/www.ff-bisamberg.at\/index.php?rest_route=%2Fwp%2Fv2%2Ftags&post=3726"}],"curies":[{"name":"wp","href":"https:\/\/api.w.org\/{rel}","templated":true}]}}