{"id":4112,"date":"2025-01-16T06:49:47","date_gmt":"2025-01-16T05:49:47","guid":{"rendered":"https:\/\/www.ff-bisamberg.at\/?p=4112"},"modified":"2026-01-06T20:38:25","modified_gmt":"2026-01-06T19:38:25","slug":"2024-12-14_so-wernachtsfeier","status":"publish","type":"post","link":"https:\/\/www.ff-bisamberg.at\/?p=4112","title":{"rendered":"2024-12-14_SO-Wernachtsfeier"},"content":{"rendered":"<p>+++ Weihnachtsfeier der FF Bisamberg Ein Abend voller Dank und Gemeinschaft +++<!--more-->Am Samstag, dem 14. Dezember 2024, fand die traditionelle Weihnachtsfeier der Freiwilligen Feuerwehr Bisamberg im Festsaal Bisamberg statt. Die Veranstaltung bot eine wunderbare Gelegenheit, das vergangene Jahr Revue passieren zu lassen und in einer gem\u00fctlichen Atmosph\u00e4re zusammenzukommen.<br \/>\nZu den besonderen G\u00e4sten des Abends z\u00e4hlten B\u00fcrgermeister DI Johannes Stuttner und der Vize B\u00fcrgermeister Ing. Rupert Sitz. Die Ehreng\u00e4ste lie\u00dfen es sich nicht nehmen, die Kameradinnen und Kameraden der Aktivmannschaft und der Reserve gemeinsam mit ihrer Begleitung ihrer Heimatfeuerwehr pers\u00f6nlich zu ehren und sich f\u00fcr Ihr Engagement in diesem Jahr zu bedanken. Ein besondere Ehrung, hat unser Ehren-Oberbrandinspektor Franz Fischer f\u00fcr seine Verdienste f\u00fcr die Feuerwehr und seine langj\u00e4hrige T\u00e4tigkeit als Kommandant Stellvertreter, erhalten.<br \/>\nDie Freiwillige Feuerwehr Bisamberg w\u00fcnscht Ihnen ein frohes und besinnliches Weihnachtsfest im Kreise Ihrer Lieben \ud83c\udf84\ud83c\udf81<br \/>\nF\u00fcr das neue Jahr\ud83c\udf89 w\u00fcnschen wir viel Gl\u00fcck und vor allem Gesundheit \ud83d\ude4f<\/p>\nngg_shortcode_0_placeholder\n","protected":false},"excerpt":{"rendered":"<p>+++ Weihnachtsfeier der FF Bisamberg Ein Abend voller Dank und Gemeinschaft +++<\/p>\n","protected":false},"author":9,"featured_media":4118,"comment_status":"closed","ping_status":"open","sticky":false,"template":"","format":"standard","meta":{"ngg_post_thumbnail":1637,"footnotes":""},"categories":[36],"tags":[],"class_list":["post-4112","post","type-post","status-publish","format-standard","has-post-thumbnail","hentry","category-veranstaltungen2024"],"publishpress_future_action":{"enabled":false,"date":"2026-05-09 11:48:08","action":"change-status","newStatus":"draft","terms":[],"taxonomy":"category","extraData":[]},"publishpress_future_workflow_manual_trigger":{"enabledWorkflows":[]},"_links":{"self":[{"href":"https:\/\/www.ff-bisamberg.at\/index.php?rest_route=\/wp\/v2\/posts\/4112","targetHints":{"allow":["GET"]}}],"collection":[{"href":"https:\/\/www.ff-bisamberg.at\/index.php?rest_route=\/wp\/v2\/posts"}],"about":[{"href":"https:\/\/www.ff-bisamberg.at\/index.php?rest_route=\/wp\/v2\/types\/post"}],"author":[{"embeddable":true,"href":"https:\/\/www.ff-bisamberg.at\/index.php?rest_route=\/wp\/v2\/users\/9"}],"replies":[{"embeddable":true,"href":"https:\/\/www.ff-bisamberg.at\/index.php?rest_route=%2Fwp%2Fv2%2Fcomments&post=4112"}],"version-history":[{"count":2,"href":"https:\/\/www.ff-bisamberg.at\/index.php?rest_route=\/wp\/v2\/posts\/4112\/revisions"}],"predecessor-version":[{"id":4117,"href":"https:\/\/www.ff-bisamberg.at\/index.php?rest_route=\/wp\/v2\/posts\/4112\/revisions\/4117"}],"wp:featuredmedia":[{"embeddable":true,"href":"https:\/\/www.ff-bisamberg.at\/index.php?rest_route=\/wp\/v2\/media\/4118"}],"wp:attachment":[{"href":"https:\/\/www.ff-bisamberg.at\/index.php?rest_route=%2Fwp%2Fv2%2Fmedia&parent=4112"}],"wp:term":[{"taxonomy":"category","embeddable":true,"href":"https:\/\/www.ff-bisamberg.at\/index.php?rest_route=%2Fwp%2Fv2%2Fcategories&post=4112"},{"taxonomy":"post_tag","embeddable":true,"href":"https:\/\/www.ff-bisamberg.at\/index.php?rest_route=%2Fwp%2Fv2%2Ftags&post=4112"}],"curies":[{"name":"wp","href":"https:\/\/api.w.org\/{rel}","templated":true}]}}