{"id":4229,"date":"2025-05-07T20:39:50","date_gmt":"2025-05-07T18:39:50","guid":{"rendered":"https:\/\/www.ff-bisamberg.at\/?p=4229"},"modified":"2025-05-07T20:57:05","modified_gmt":"2025-05-07T18:57:05","slug":"april-2025-technischer-einsatz-tragehilfe","status":"publish","type":"post","link":"https:\/\/www.ff-bisamberg.at\/?p=4229","title":{"rendered":"5. April 2025 &#8211; Technischer Einsatz &#8211; Tragehilfe"},"content":{"rendered":"\n<p>Am 5. April wurde die Mannschaft der Freiwilligen Feuerwehr Bisamberg zu einer Tragehilfe am Bisamberg alarmiert.<br><!--more Weiterlesen-->Um 15:20 Uhr erfolgte die Alarmierung durch den Rettungsdienst. In der N\u00e4he der Gamsh\u00f6he, ist eine Wanderin im Waldgebiet gest\u00fcrzt und unbekannten Grades verletzt worden.<br>Wir konnten mit unseren gel\u00e4ndeg\u00e4ngigen Fahrzeugen die verletzte Person auffinden und zum Rettungstransportfahtzeug \u00fcberstellen.<br>Die Feuerwehr Bisamberg stand mit drei Fahrzeugen und 15 Mitgliedern rund eine Stunde im Einsatz.<\/p>\n\n\n\nngg_shortcode_0_placeholder\n","protected":false},"excerpt":{"rendered":"<p>Am 5. April wurde die Mannschaft der Freiwilligen Feuerwehr Bisamberg zu einer Tragehilfe am Bisamberg alarmiert.<\/p>\n","protected":false},"author":9,"featured_media":4231,"comment_status":"closed","ping_status":"open","sticky":false,"template":"","format":"standard","meta":{"ngg_post_thumbnail":1656,"footnotes":""},"categories":[43],"tags":[],"class_list":["post-4229","post","type-post","status-publish","format-standard","has-post-thumbnail","hentry","category-einsaetze2025"],"publishpress_future_action":{"enabled":false,"date":"2026-05-08 10:30:25","action":"change-status","newStatus":"draft","terms":[],"taxonomy":"category","extraData":[]},"publishpress_future_workflow_manual_trigger":{"enabledWorkflows":[]},"_links":{"self":[{"href":"https:\/\/www.ff-bisamberg.at\/index.php?rest_route=\/wp\/v2\/posts\/4229","targetHints":{"allow":["GET"]}}],"collection":[{"href":"https:\/\/www.ff-bisamberg.at\/index.php?rest_route=\/wp\/v2\/posts"}],"about":[{"href":"https:\/\/www.ff-bisamberg.at\/index.php?rest_route=\/wp\/v2\/types\/post"}],"author":[{"embeddable":true,"href":"https:\/\/www.ff-bisamberg.at\/index.php?rest_route=\/wp\/v2\/users\/9"}],"replies":[{"embeddable":true,"href":"https:\/\/www.ff-bisamberg.at\/index.php?rest_route=%2Fwp%2Fv2%2Fcomments&post=4229"}],"version-history":[{"count":3,"href":"https:\/\/www.ff-bisamberg.at\/index.php?rest_route=\/wp\/v2\/posts\/4229\/revisions"}],"predecessor-version":[{"id":4258,"href":"https:\/\/www.ff-bisamberg.at\/index.php?rest_route=\/wp\/v2\/posts\/4229\/revisions\/4258"}],"wp:featuredmedia":[{"embeddable":true,"href":"https:\/\/www.ff-bisamberg.at\/index.php?rest_route=\/wp\/v2\/media\/4231"}],"wp:attachment":[{"href":"https:\/\/www.ff-bisamberg.at\/index.php?rest_route=%2Fwp%2Fv2%2Fmedia&parent=4229"}],"wp:term":[{"taxonomy":"category","embeddable":true,"href":"https:\/\/www.ff-bisamberg.at\/index.php?rest_route=%2Fwp%2Fv2%2Fcategories&post=4229"},{"taxonomy":"post_tag","embeddable":true,"href":"https:\/\/www.ff-bisamberg.at\/index.php?rest_route=%2Fwp%2Fv2%2Ftags&post=4229"}],"curies":[{"name":"wp","href":"https:\/\/api.w.org\/{rel}","templated":true}]}}