{"id":4235,"date":"2025-05-07T20:46:07","date_gmt":"2025-05-07T18:46:07","guid":{"rendered":"https:\/\/www.ff-bisamberg.at\/?p=4235"},"modified":"2025-05-07T20:54:59","modified_gmt":"2025-05-07T18:54:59","slug":"april-2025-menschenrettung-person-unter-baum","status":"publish","type":"post","link":"https:\/\/www.ff-bisamberg.at\/?p=4235","title":{"rendered":"14. April 2025 &#8211; Menschenrettung &#8211; Person unter Baum"},"content":{"rendered":"\n<p>Heute Nachmittag wurden wir zu einer Menschenrettung gemeinsam mit der Feuerwehr Langenzersdorf am Bisamberg alarmiert.<!--more Weiterlesen--> Ein Forstarbeiter war aus unbekannter Ursache unter einen Baum geraten und wurde unbestimmten Grades verletzt.<br>Binnen weniger Minuten konnte unser gel\u00e4ndeg\u00e4ngiges Kommandofahrzeug zum Unfallort aufbrechen. Gl\u00fccklicherweise konnten in der Zwischenzeit andere Forstarbeiter die verunfallte Person befreien und in Richtung befahrbaren Weg bringen. Von unserer Seite waren somit keine weiteren Ma\u00dfnahmen mehr erforderlich.<br>Die Feuerwehr Bisamberg, stand mit drei Fahrzeugen und 14 Mitgliedern rund 30min im Einsatz.<\/p>\n\n\n\nngg_shortcode_0_placeholder\n","protected":false},"excerpt":{"rendered":"<p>Heute Nachmittag wurden wir zu einer Menschenrettung gemeinsam mit der Feuerwehr Langenzersdorf am Bisamberg alarmiert.<\/p>\n","protected":false},"author":9,"featured_media":4237,"comment_status":"closed","ping_status":"open","sticky":false,"template":"","format":"standard","meta":{"ngg_post_thumbnail":1659,"footnotes":""},"categories":[43],"tags":[],"class_list":["post-4235","post","type-post","status-publish","format-standard","has-post-thumbnail","hentry","category-einsaetze2025"],"publishpress_future_action":{"enabled":false,"date":"2026-05-08 08:53:21","action":"change-status","newStatus":"draft","terms":[],"taxonomy":"category","extraData":[]},"publishpress_future_workflow_manual_trigger":{"enabledWorkflows":[]},"_links":{"self":[{"href":"https:\/\/www.ff-bisamberg.at\/index.php?rest_route=\/wp\/v2\/posts\/4235","targetHints":{"allow":["GET"]}}],"collection":[{"href":"https:\/\/www.ff-bisamberg.at\/index.php?rest_route=\/wp\/v2\/posts"}],"about":[{"href":"https:\/\/www.ff-bisamberg.at\/index.php?rest_route=\/wp\/v2\/types\/post"}],"author":[{"embeddable":true,"href":"https:\/\/www.ff-bisamberg.at\/index.php?rest_route=\/wp\/v2\/users\/9"}],"replies":[{"embeddable":true,"href":"https:\/\/www.ff-bisamberg.at\/index.php?rest_route=%2Fwp%2Fv2%2Fcomments&post=4235"}],"version-history":[{"count":3,"href":"https:\/\/www.ff-bisamberg.at\/index.php?rest_route=\/wp\/v2\/posts\/4235\/revisions"}],"predecessor-version":[{"id":4254,"href":"https:\/\/www.ff-bisamberg.at\/index.php?rest_route=\/wp\/v2\/posts\/4235\/revisions\/4254"}],"wp:featuredmedia":[{"embeddable":true,"href":"https:\/\/www.ff-bisamberg.at\/index.php?rest_route=\/wp\/v2\/media\/4237"}],"wp:attachment":[{"href":"https:\/\/www.ff-bisamberg.at\/index.php?rest_route=%2Fwp%2Fv2%2Fmedia&parent=4235"}],"wp:term":[{"taxonomy":"category","embeddable":true,"href":"https:\/\/www.ff-bisamberg.at\/index.php?rest_route=%2Fwp%2Fv2%2Fcategories&post=4235"},{"taxonomy":"post_tag","embeddable":true,"href":"https:\/\/www.ff-bisamberg.at\/index.php?rest_route=%2Fwp%2Fv2%2Ftags&post=4235"}],"curies":[{"name":"wp","href":"https:\/\/api.w.org\/{rel}","templated":true}]}}