{"id":4242,"date":"2025-05-07T20:50:31","date_gmt":"2025-05-07T18:50:31","guid":{"rendered":"https:\/\/www.ff-bisamberg.at\/?p=4242"},"modified":"2025-05-07T20:56:32","modified_gmt":"2025-05-07T18:56:32","slug":"april-2025-dank-und-anerkennung-140-jahre-feuerwehr-bisamberg","status":"publish","type":"post","link":"https:\/\/www.ff-bisamberg.at\/?p=4242","title":{"rendered":"25. April 2025 &#8211; Dank und Anerkennung &#8211; 140 Jahre Feuerwehr Bisamberg"},"content":{"rendered":"\n<p>Am 23. April fand im N\u00d6 Feuerwehr- und Sicherheitszentrum die feierliche Ehrung und Urkunden\u00fcbergabe zum 140 j\u00e4hrigen Gr\u00fcndungsjubil\u00e4um der Feuerwehr Bisamberg statt. <!--more Weiterlesen-->Landeshauptfrau Johanna Mikl-Leitner und LH Stellvertreter Stephan Pernkopf \u00fcbergaben eine Urkunde an Kommandant Friedrich Haller und seinen Stellvertreter Michael Harold im beisein von BGM DI Johannes Stuttner und VZBGM Ing. Rupert Sitz.<br>Unser 140 Jahre Jubil\u00e4um feiern wir am Feuerwehrfest am 31.08.2025 und laden sie dazu recht herzlich ein.<\/p>\n\n\n\nngg_shortcode_0_placeholder\n","protected":false},"excerpt":{"rendered":"<p>Am 23. April fand im N\u00d6 Feuerwehr- und Sicherheitszentrum die feierliche Ehrung und Urkunden\u00fcbergabe zum 140 j\u00e4hrigen Gr\u00fcndungsjubil\u00e4um der Feuerwehr Bisamberg statt.<\/p>\n","protected":false},"author":9,"featured_media":4243,"comment_status":"closed","ping_status":"open","sticky":false,"template":"","format":"standard","meta":{"ngg_post_thumbnail":1667,"footnotes":""},"categories":[48],"tags":[],"class_list":["post-4242","post","type-post","status-publish","format-standard","has-post-thumbnail","hentry","category-presse2025"],"publishpress_future_action":{"enabled":false,"date":"2026-05-08 09:04:37","action":"change-status","newStatus":"draft","terms":[],"taxonomy":"category","extraData":[]},"publishpress_future_workflow_manual_trigger":{"enabledWorkflows":[]},"_links":{"self":[{"href":"https:\/\/www.ff-bisamberg.at\/index.php?rest_route=\/wp\/v2\/posts\/4242","targetHints":{"allow":["GET"]}}],"collection":[{"href":"https:\/\/www.ff-bisamberg.at\/index.php?rest_route=\/wp\/v2\/posts"}],"about":[{"href":"https:\/\/www.ff-bisamberg.at\/index.php?rest_route=\/wp\/v2\/types\/post"}],"author":[{"embeddable":true,"href":"https:\/\/www.ff-bisamberg.at\/index.php?rest_route=\/wp\/v2\/users\/9"}],"replies":[{"embeddable":true,"href":"https:\/\/www.ff-bisamberg.at\/index.php?rest_route=%2Fwp%2Fv2%2Fcomments&post=4242"}],"version-history":[{"count":3,"href":"https:\/\/www.ff-bisamberg.at\/index.php?rest_route=\/wp\/v2\/posts\/4242\/revisions"}],"predecessor-version":[{"id":4257,"href":"https:\/\/www.ff-bisamberg.at\/index.php?rest_route=\/wp\/v2\/posts\/4242\/revisions\/4257"}],"wp:featuredmedia":[{"embeddable":true,"href":"https:\/\/www.ff-bisamberg.at\/index.php?rest_route=\/wp\/v2\/media\/4243"}],"wp:attachment":[{"href":"https:\/\/www.ff-bisamberg.at\/index.php?rest_route=%2Fwp%2Fv2%2Fmedia&parent=4242"}],"wp:term":[{"taxonomy":"category","embeddable":true,"href":"https:\/\/www.ff-bisamberg.at\/index.php?rest_route=%2Fwp%2Fv2%2Fcategories&post=4242"},{"taxonomy":"post_tag","embeddable":true,"href":"https:\/\/www.ff-bisamberg.at\/index.php?rest_route=%2Fwp%2Fv2%2Ftags&post=4242"}],"curies":[{"name":"wp","href":"https:\/\/api.w.org\/{rel}","templated":true}]}}