{"id":4248,"date":"2025-05-07T20:53:47","date_gmt":"2025-05-07T18:53:47","guid":{"rendered":"https:\/\/www.ff-bisamberg.at\/?p=4248"},"modified":"2025-05-07T20:53:47","modified_gmt":"2025-05-07T18:53:47","slug":"3-mai-2025-florianifeier","status":"publish","type":"post","link":"https:\/\/www.ff-bisamberg.at\/?p=4248","title":{"rendered":"3. Mai 2025 &#8211; Florianifeier"},"content":{"rendered":"\n<p>Am Samstag, dem 3. Mai, fand unsere j\u00e4hrliche Floriani Feier statt.<!--more Weiterlesen--><br>Zur traditionellen W\u00fcrdigung ihres Schutzpatrons, trafen sich die Bisamberg Florianis am Abend vor dem Feuerwehrhaus um von dort in Formation zur Kirche in Bisamberg zu marschieren.<br>Im Anschluss an den Gottesdienst wurde im Stuttnerhof die Mitgliederversammlung abgehalten. Kommandant Friedrich Haller begr\u00fc\u00dfte als Gast unteranderem unseren B\u00fcrgermeister DI Johannes Stuttner. Es wurden zahlreichen Bef\u00f6rderungen und \u00dcberstellungen in den Aktivdienst vorgenommen.<\/p>\n\n\n\nngg_shortcode_0_placeholder\n","protected":false},"excerpt":{"rendered":"<p>Am Samstag, dem 3. Mai, fand unsere j\u00e4hrliche Floriani Feier statt.<\/p>\n","protected":false},"author":9,"featured_media":4249,"comment_status":"closed","ping_status":"open","sticky":false,"template":"","format":"standard","meta":{"ngg_post_thumbnail":1669,"footnotes":""},"categories":[47],"tags":[],"class_list":["post-4248","post","type-post","status-publish","format-standard","has-post-thumbnail","hentry","category-veranstaltungen2025"],"publishpress_future_action":{"enabled":false,"date":"2026-05-10 10:38:59","action":"change-status","newStatus":"draft","terms":[],"taxonomy":"category","extraData":[]},"publishpress_future_workflow_manual_trigger":{"enabledWorkflows":[]},"_links":{"self":[{"href":"https:\/\/www.ff-bisamberg.at\/index.php?rest_route=\/wp\/v2\/posts\/4248","targetHints":{"allow":["GET"]}}],"collection":[{"href":"https:\/\/www.ff-bisamberg.at\/index.php?rest_route=\/wp\/v2\/posts"}],"about":[{"href":"https:\/\/www.ff-bisamberg.at\/index.php?rest_route=\/wp\/v2\/types\/post"}],"author":[{"embeddable":true,"href":"https:\/\/www.ff-bisamberg.at\/index.php?rest_route=\/wp\/v2\/users\/9"}],"replies":[{"embeddable":true,"href":"https:\/\/www.ff-bisamberg.at\/index.php?rest_route=%2Fwp%2Fv2%2Fcomments&post=4248"}],"version-history":[{"count":1,"href":"https:\/\/www.ff-bisamberg.at\/index.php?rest_route=\/wp\/v2\/posts\/4248\/revisions"}],"predecessor-version":[{"id":4250,"href":"https:\/\/www.ff-bisamberg.at\/index.php?rest_route=\/wp\/v2\/posts\/4248\/revisions\/4250"}],"wp:featuredmedia":[{"embeddable":true,"href":"https:\/\/www.ff-bisamberg.at\/index.php?rest_route=\/wp\/v2\/media\/4249"}],"wp:attachment":[{"href":"https:\/\/www.ff-bisamberg.at\/index.php?rest_route=%2Fwp%2Fv2%2Fmedia&parent=4248"}],"wp:term":[{"taxonomy":"category","embeddable":true,"href":"https:\/\/www.ff-bisamberg.at\/index.php?rest_route=%2Fwp%2Fv2%2Fcategories&post=4248"},{"taxonomy":"post_tag","embeddable":true,"href":"https:\/\/www.ff-bisamberg.at\/index.php?rest_route=%2Fwp%2Fv2%2Ftags&post=4248"}],"curies":[{"name":"wp","href":"https:\/\/api.w.org\/{rel}","templated":true}]}}