{"id":4261,"date":"2025-05-07T21:01:19","date_gmt":"2025-05-07T19:01:19","guid":{"rendered":"https:\/\/www.ff-bisamberg.at\/?p=4261"},"modified":"2025-05-07T21:01:19","modified_gmt":"2025-05-07T19:01:19","slug":"7-mai-2025-erste-hilfe-kurs-fuer-gemeindemitarbeiterinnen","status":"publish","type":"post","link":"https:\/\/www.ff-bisamberg.at\/?p=4261","title":{"rendered":"7. Mai 2025 &#8211; Erste Hilfe Kurs f\u00fcr Gemeindemitarbeiter:innen"},"content":{"rendered":"\n<p>Unser Sachbearbeiter f\u00fcr Feuermedizinischen Dienst Max und unser Feuerwehrarzt Mathias hielten f\u00fcr alle Gemeindemitarbeiter:innen einen Erste Hilfe Kurs ab.<!--more Weiterlesen--> Schwerpunkt der Schulung waren lebensrettende sofortma\u00dfnahmen.<br>Auch unser B\u00fcrgermeister DI Johannes Stuttner \u00fcberzeugte sich von der Qualit\u00e4t der Ausbildung.<\/p>\n\n\n\nngg_shortcode_0_placeholder\n","protected":false},"excerpt":{"rendered":"<p>Unser Sachbearbeiter f\u00fcr Feuermedizinischen Dienst Max und unser Feuerwehrarzt Mathias hielten f\u00fcr alle Gemeindemitarbeiter:innen einen Erste Hilfe Kurs ab.<\/p>\n","protected":false},"author":9,"featured_media":4262,"comment_status":"closed","ping_status":"open","sticky":false,"template":"","format":"standard","meta":{"ngg_post_thumbnail":1672,"footnotes":""},"categories":[48],"tags":[],"class_list":["post-4261","post","type-post","status-publish","format-standard","has-post-thumbnail","hentry","category-presse2025"],"publishpress_future_action":{"enabled":false,"date":"2026-05-08 14:03:06","action":"change-status","newStatus":"draft","terms":[],"taxonomy":"category","extraData":[]},"publishpress_future_workflow_manual_trigger":{"enabledWorkflows":[]},"_links":{"self":[{"href":"https:\/\/www.ff-bisamberg.at\/index.php?rest_route=\/wp\/v2\/posts\/4261","targetHints":{"allow":["GET"]}}],"collection":[{"href":"https:\/\/www.ff-bisamberg.at\/index.php?rest_route=\/wp\/v2\/posts"}],"about":[{"href":"https:\/\/www.ff-bisamberg.at\/index.php?rest_route=\/wp\/v2\/types\/post"}],"author":[{"embeddable":true,"href":"https:\/\/www.ff-bisamberg.at\/index.php?rest_route=\/wp\/v2\/users\/9"}],"replies":[{"embeddable":true,"href":"https:\/\/www.ff-bisamberg.at\/index.php?rest_route=%2Fwp%2Fv2%2Fcomments&post=4261"}],"version-history":[{"count":1,"href":"https:\/\/www.ff-bisamberg.at\/index.php?rest_route=\/wp\/v2\/posts\/4261\/revisions"}],"predecessor-version":[{"id":4263,"href":"https:\/\/www.ff-bisamberg.at\/index.php?rest_route=\/wp\/v2\/posts\/4261\/revisions\/4263"}],"wp:featuredmedia":[{"embeddable":true,"href":"https:\/\/www.ff-bisamberg.at\/index.php?rest_route=\/wp\/v2\/media\/4262"}],"wp:attachment":[{"href":"https:\/\/www.ff-bisamberg.at\/index.php?rest_route=%2Fwp%2Fv2%2Fmedia&parent=4261"}],"wp:term":[{"taxonomy":"category","embeddable":true,"href":"https:\/\/www.ff-bisamberg.at\/index.php?rest_route=%2Fwp%2Fv2%2Fcategories&post=4261"},{"taxonomy":"post_tag","embeddable":true,"href":"https:\/\/www.ff-bisamberg.at\/index.php?rest_route=%2Fwp%2Fv2%2Ftags&post=4261"}],"curies":[{"name":"wp","href":"https:\/\/api.w.org\/{rel}","templated":true}]}}