{"id":4283,"date":"2025-05-15T20:06:53","date_gmt":"2025-05-15T18:06:53","guid":{"rendered":"https:\/\/www.ff-bisamberg.at\/?p=4283"},"modified":"2025-05-15T20:09:14","modified_gmt":"2025-05-15T18:09:14","slug":"mai-2025-aktion-toter-winkel","status":"publish","type":"post","link":"https:\/\/www.ff-bisamberg.at\/?p=4283","title":{"rendered":"12. Mai 2025 &#8211; Aktion Toter Winkel"},"content":{"rendered":"\n<p>Mehrere Kindergarten-Gruppen haben die FF Bisamberg f\u00fcr eine besondere Veranstaltung besucht.<!--more Weiterlesen--> Wir haben den Kindern einiges \u00fcber die Feuerwehr erz\u00e4hlt, spielerisch unsere Ausr\u00fcstung gezeigt und nat\u00fcrlich durften alle Kinder die Feuerwehrautos genau unter die Lupe nehmen. Den Kindern und uns hat es viel Spa\u00df gemacht \ud83e\udd17<br>Sp\u00e4ter fand noch die Aktion Toter Winkel in der Volksschule Bisamberg statt. Dabei lernten die Kinder was ein Toter Winkel ist und worauf man besonders achten muss. Gemeinsam mit der Polizei Langenzersdorf stellten wir mithilfe von Absperrband und unserem Feuerwehrfahrzeug einen Toten Winkel dar.<\/p>\n\n\n\nngg_shortcode_0_placeholder\n","protected":false},"excerpt":{"rendered":"<p>Mehrere Kindergarten-Gruppen haben die FF Bisamberg f\u00fcr eine besondere Veranstaltung besucht.<\/p>\n","protected":false},"author":9,"featured_media":4289,"comment_status":"closed","ping_status":"open","sticky":false,"template":"","format":"standard","meta":{"ngg_post_thumbnail":1682,"footnotes":""},"categories":[43],"tags":[],"class_list":["post-4283","post","type-post","status-publish","format-standard","has-post-thumbnail","hentry","category-einsaetze2025"],"publishpress_future_action":{"enabled":false,"date":"2026-05-07 21:42:20","action":"change-status","newStatus":"draft","terms":[],"taxonomy":"category","extraData":[]},"publishpress_future_workflow_manual_trigger":{"enabledWorkflows":[]},"_links":{"self":[{"href":"https:\/\/www.ff-bisamberg.at\/index.php?rest_route=\/wp\/v2\/posts\/4283","targetHints":{"allow":["GET"]}}],"collection":[{"href":"https:\/\/www.ff-bisamberg.at\/index.php?rest_route=\/wp\/v2\/posts"}],"about":[{"href":"https:\/\/www.ff-bisamberg.at\/index.php?rest_route=\/wp\/v2\/types\/post"}],"author":[{"embeddable":true,"href":"https:\/\/www.ff-bisamberg.at\/index.php?rest_route=\/wp\/v2\/users\/9"}],"replies":[{"embeddable":true,"href":"https:\/\/www.ff-bisamberg.at\/index.php?rest_route=%2Fwp%2Fv2%2Fcomments&post=4283"}],"version-history":[{"count":2,"href":"https:\/\/www.ff-bisamberg.at\/index.php?rest_route=\/wp\/v2\/posts\/4283\/revisions"}],"predecessor-version":[{"id":4290,"href":"https:\/\/www.ff-bisamberg.at\/index.php?rest_route=\/wp\/v2\/posts\/4283\/revisions\/4290"}],"wp:featuredmedia":[{"embeddable":true,"href":"https:\/\/www.ff-bisamberg.at\/index.php?rest_route=\/wp\/v2\/media\/4289"}],"wp:attachment":[{"href":"https:\/\/www.ff-bisamberg.at\/index.php?rest_route=%2Fwp%2Fv2%2Fmedia&parent=4283"}],"wp:term":[{"taxonomy":"category","embeddable":true,"href":"https:\/\/www.ff-bisamberg.at\/index.php?rest_route=%2Fwp%2Fv2%2Fcategories&post=4283"},{"taxonomy":"post_tag","embeddable":true,"href":"https:\/\/www.ff-bisamberg.at\/index.php?rest_route=%2Fwp%2Fv2%2Ftags&post=4283"}],"curies":[{"name":"wp","href":"https:\/\/api.w.org\/{rel}","templated":true}]}}