{"id":4296,"date":"2025-05-18T11:57:35","date_gmt":"2025-05-18T09:57:35","guid":{"rendered":"https:\/\/www.ff-bisamberg.at\/?p=4296"},"modified":"2025-05-18T11:57:35","modified_gmt":"2025-05-18T09:57:35","slug":"mai-2025-technische-einsaetze-wassergebrechen-und-tueroeffnung","status":"publish","type":"post","link":"https:\/\/www.ff-bisamberg.at\/?p=4296","title":{"rendered":"Mai 2025 &#8211; Technische Eins\u00e4tze &#8211; Wassergebrechen und T\u00fcr\u00f6ffnung"},"content":{"rendered":"\n<p>Aufgrund eines Rohrbruchs im Bereich Vogelsangstrasse\/Eichenstra\u00dfe\/F\u00f6hrenstrasse wurden wir in der Fr\u00fch von der Gemeinde angefordert, um bei der Brauchwasserversorgung zu unterst\u00fctzen.<!--more Weiterlesen--> Wir haben daraufhin mehrmals die Container mit Brauchwasser aufgef\u00fcllt.<br>Zus\u00e4tzlich haben wir noch zwei Eins\u00e4tze abgearbeitet, unter anderem eine T\u00fcr\u00f6ffnung und ein weiteres Wassergebrechen auf einer Baustelle.<\/p>\n\n\n\nngg_shortcode_0_placeholder\n","protected":false},"excerpt":{"rendered":"<p>Aufgrund eines Rohrbruchs im Bereich Vogelsangstrasse\/Eichenstra\u00dfe\/F\u00f6hrenstrasse wurden wir in der Fr\u00fch von der Gemeinde angefordert, um bei der Brauchwasserversorgung zu unterst\u00fctzen.<\/p>\n","protected":false},"author":9,"featured_media":4297,"comment_status":"closed","ping_status":"open","sticky":false,"template":"","format":"standard","meta":{"ngg_post_thumbnail":1695,"footnotes":""},"categories":[43],"tags":[],"class_list":["post-4296","post","type-post","status-publish","format-standard","has-post-thumbnail","hentry","category-einsaetze2025"],"publishpress_future_action":{"enabled":false,"date":"2026-05-07 18:59:56","action":"change-status","newStatus":"draft","terms":[],"taxonomy":"category","extraData":[]},"publishpress_future_workflow_manual_trigger":{"enabledWorkflows":[]},"_links":{"self":[{"href":"https:\/\/www.ff-bisamberg.at\/index.php?rest_route=\/wp\/v2\/posts\/4296","targetHints":{"allow":["GET"]}}],"collection":[{"href":"https:\/\/www.ff-bisamberg.at\/index.php?rest_route=\/wp\/v2\/posts"}],"about":[{"href":"https:\/\/www.ff-bisamberg.at\/index.php?rest_route=\/wp\/v2\/types\/post"}],"author":[{"embeddable":true,"href":"https:\/\/www.ff-bisamberg.at\/index.php?rest_route=\/wp\/v2\/users\/9"}],"replies":[{"embeddable":true,"href":"https:\/\/www.ff-bisamberg.at\/index.php?rest_route=%2Fwp%2Fv2%2Fcomments&post=4296"}],"version-history":[{"count":1,"href":"https:\/\/www.ff-bisamberg.at\/index.php?rest_route=\/wp\/v2\/posts\/4296\/revisions"}],"predecessor-version":[{"id":4298,"href":"https:\/\/www.ff-bisamberg.at\/index.php?rest_route=\/wp\/v2\/posts\/4296\/revisions\/4298"}],"wp:featuredmedia":[{"embeddable":true,"href":"https:\/\/www.ff-bisamberg.at\/index.php?rest_route=\/wp\/v2\/media\/4297"}],"wp:attachment":[{"href":"https:\/\/www.ff-bisamberg.at\/index.php?rest_route=%2Fwp%2Fv2%2Fmedia&parent=4296"}],"wp:term":[{"taxonomy":"category","embeddable":true,"href":"https:\/\/www.ff-bisamberg.at\/index.php?rest_route=%2Fwp%2Fv2%2Fcategories&post=4296"},{"taxonomy":"post_tag","embeddable":true,"href":"https:\/\/www.ff-bisamberg.at\/index.php?rest_route=%2Fwp%2Fv2%2Ftags&post=4296"}],"curies":[{"name":"wp","href":"https:\/\/api.w.org\/{rel}","templated":true}]}}