{"id":4306,"date":"2025-06-15T10:10:18","date_gmt":"2025-06-15T08:10:18","guid":{"rendered":"https:\/\/www.ff-bisamberg.at\/?p=4306"},"modified":"2025-06-15T10:10:49","modified_gmt":"2025-06-15T08:10:49","slug":"mail-2025-technischer-einsatz-notoeffnung-lift","status":"publish","type":"post","link":"https:\/\/www.ff-bisamberg.at\/?p=4306","title":{"rendered":"25. Mai 2025 &#8211; Technischer Einsatz &#8211; Not\u00f6ffnung-Lift"},"content":{"rendered":"\n<p>Die T\u00e4tigkeit bei der Feuerwehr bringt viele sch\u00f6ne Momente mit sich. Manche davon ergeben sich ganz spontan.\n<!--more Weiterlesen-->\nSo wie am Morgen des 25. Mai.<br>Nachdem der Einsatz bei einer Aufzugsanlage abgeschlossen war, konnten wir von einem der h\u00f6chsten Geb\u00e4ude in unserem Einsatzgebiet noch einen Blick in die morgendliche Sonne und \u00fcber unsere Heimatgemeinde, f\u00fcr die wir uns mit Leidenschaft ehrenamtlich einsetzen, werfen.<\/p>\n\n\n\nngg_shortcode_0_placeholder\n","protected":false},"excerpt":{"rendered":"<p>Die T\u00e4tigkeit bei der Feuerwehr bringt viele sch\u00f6ne Momente mit sich. Manche davon ergeben sich ganz spontan.<\/p>\n","protected":false},"author":9,"featured_media":4309,"comment_status":"closed","ping_status":"open","sticky":false,"template":"","format":"standard","meta":{"ngg_post_thumbnail":1696,"footnotes":""},"categories":[43],"tags":[],"class_list":["post-4306","post","type-post","status-publish","format-standard","has-post-thumbnail","hentry","category-einsaetze2025"],"publishpress_future_action":{"enabled":false,"date":"2026-05-07 18:59:00","action":"change-status","newStatus":"draft","terms":[],"taxonomy":"category","extraData":[]},"publishpress_future_workflow_manual_trigger":{"enabledWorkflows":[]},"_links":{"self":[{"href":"https:\/\/www.ff-bisamberg.at\/index.php?rest_route=\/wp\/v2\/posts\/4306","targetHints":{"allow":["GET"]}}],"collection":[{"href":"https:\/\/www.ff-bisamberg.at\/index.php?rest_route=\/wp\/v2\/posts"}],"about":[{"href":"https:\/\/www.ff-bisamberg.at\/index.php?rest_route=\/wp\/v2\/types\/post"}],"author":[{"embeddable":true,"href":"https:\/\/www.ff-bisamberg.at\/index.php?rest_route=\/wp\/v2\/users\/9"}],"replies":[{"embeddable":true,"href":"https:\/\/www.ff-bisamberg.at\/index.php?rest_route=%2Fwp%2Fv2%2Fcomments&post=4306"}],"version-history":[{"count":2,"href":"https:\/\/www.ff-bisamberg.at\/index.php?rest_route=\/wp\/v2\/posts\/4306\/revisions"}],"predecessor-version":[{"id":4311,"href":"https:\/\/www.ff-bisamberg.at\/index.php?rest_route=\/wp\/v2\/posts\/4306\/revisions\/4311"}],"wp:featuredmedia":[{"embeddable":true,"href":"https:\/\/www.ff-bisamberg.at\/index.php?rest_route=\/wp\/v2\/media\/4309"}],"wp:attachment":[{"href":"https:\/\/www.ff-bisamberg.at\/index.php?rest_route=%2Fwp%2Fv2%2Fmedia&parent=4306"}],"wp:term":[{"taxonomy":"category","embeddable":true,"href":"https:\/\/www.ff-bisamberg.at\/index.php?rest_route=%2Fwp%2Fv2%2Fcategories&post=4306"},{"taxonomy":"post_tag","embeddable":true,"href":"https:\/\/www.ff-bisamberg.at\/index.php?rest_route=%2Fwp%2Fv2%2Ftags&post=4306"}],"curies":[{"name":"wp","href":"https:\/\/api.w.org\/{rel}","templated":true}]}}