{"id":4320,"date":"2025-06-15T10:15:08","date_gmt":"2025-06-15T08:15:08","guid":{"rendered":"https:\/\/www.ff-bisamberg.at\/?p=4320"},"modified":"2025-06-15T10:15:08","modified_gmt":"2025-06-15T08:15:08","slug":"8-juni-2025-brandmeldeausloesung-am-vatertag","status":"publish","type":"post","link":"https:\/\/www.ff-bisamberg.at\/?p=4320","title":{"rendered":"8. Juni 2025 &#8211; Brandmeldeausl\u00f6sung am Vatertag"},"content":{"rendered":"\n<p>Am diesj\u00e4hrigen Vatertag f\u00fchrte uns eine Brandmeldeausl\u00f6sung in das \u00f6rtliche Hallenbad.\n<!--more Weiterlesen-->\nDer ausgel\u00f6ste Melder wurde rasch gefunden. Der betroffene Bereich wurde kontrolliert und es konnte Entwarnung gegeben werden.<br>Die Feuerwehr Bisamberg stand mit zwei Fahrzeugen und 16 Mann circa 25 Minuten im Einsatz.<\/p>\n\n\n\nngg_shortcode_0_placeholder\n","protected":false},"excerpt":{"rendered":"<p>Am diesj\u00e4hrigen Vatertag f\u00fchrte uns eine Brandmeldeausl\u00f6sung in das \u00f6rtliche Hallenbad.<\/p>\n","protected":false},"author":9,"featured_media":4323,"comment_status":"closed","ping_status":"open","sticky":false,"template":"","format":"standard","meta":{"ngg_post_thumbnail":1701,"footnotes":""},"categories":[43],"tags":[],"class_list":["post-4320","post","type-post","status-publish","format-standard","has-post-thumbnail","hentry","category-einsaetze2025"],"publishpress_future_action":{"enabled":false,"date":"2026-05-07 21:46:49","action":"change-status","newStatus":"draft","terms":[],"taxonomy":"category","extraData":[]},"publishpress_future_workflow_manual_trigger":{"enabledWorkflows":[]},"_links":{"self":[{"href":"https:\/\/www.ff-bisamberg.at\/index.php?rest_route=\/wp\/v2\/posts\/4320","targetHints":{"allow":["GET"]}}],"collection":[{"href":"https:\/\/www.ff-bisamberg.at\/index.php?rest_route=\/wp\/v2\/posts"}],"about":[{"href":"https:\/\/www.ff-bisamberg.at\/index.php?rest_route=\/wp\/v2\/types\/post"}],"author":[{"embeddable":true,"href":"https:\/\/www.ff-bisamberg.at\/index.php?rest_route=\/wp\/v2\/users\/9"}],"replies":[{"embeddable":true,"href":"https:\/\/www.ff-bisamberg.at\/index.php?rest_route=%2Fwp%2Fv2%2Fcomments&post=4320"}],"version-history":[{"count":1,"href":"https:\/\/www.ff-bisamberg.at\/index.php?rest_route=\/wp\/v2\/posts\/4320\/revisions"}],"predecessor-version":[{"id":4324,"href":"https:\/\/www.ff-bisamberg.at\/index.php?rest_route=\/wp\/v2\/posts\/4320\/revisions\/4324"}],"wp:featuredmedia":[{"embeddable":true,"href":"https:\/\/www.ff-bisamberg.at\/index.php?rest_route=\/wp\/v2\/media\/4323"}],"wp:attachment":[{"href":"https:\/\/www.ff-bisamberg.at\/index.php?rest_route=%2Fwp%2Fv2%2Fmedia&parent=4320"}],"wp:term":[{"taxonomy":"category","embeddable":true,"href":"https:\/\/www.ff-bisamberg.at\/index.php?rest_route=%2Fwp%2Fv2%2Fcategories&post=4320"},{"taxonomy":"post_tag","embeddable":true,"href":"https:\/\/www.ff-bisamberg.at\/index.php?rest_route=%2Fwp%2Fv2%2Ftags&post=4320"}],"curies":[{"name":"wp","href":"https:\/\/api.w.org\/{rel}","templated":true}]}}