{"id":4325,"date":"2025-06-15T10:17:05","date_gmt":"2025-06-15T08:17:05","guid":{"rendered":"https:\/\/www.ff-bisamberg.at\/?p=4325"},"modified":"2025-06-15T10:17:05","modified_gmt":"2025-06-15T08:17:05","slug":"13-juni-2025-technischer-einsatz-tueroeffnung","status":"publish","type":"post","link":"https:\/\/www.ff-bisamberg.at\/?p=4325","title":{"rendered":"13. Juni 2025 &#8211; Technischer Einsatz &#8211; T\u00fcr\u00f6ffnung"},"content":{"rendered":"\n<p>Kurz vor 12Uhr wurden wir zu einer T\u00fcr\u00f6ffnung in Bisamberg alarmiert.\n<!--more Weiterlesen-->\nEine Person hatte um Hilfe gerufen und konnte nicht mehr selbstst\u00e4ndig aufstehen. Da die Wohnungst\u00fcr versperrt war, haben wir unsere dreiteilige Schiebeleiter aufgestellt und sind \u00fcber den Balkon, in die Wohnung eingestiegen.<br>Somit konnten wir nach kurzer Zeit die T\u00fcr \u00f6ffnen und die verunfallte Person an das Rote Kreuz \u00fcbergeben.<br>Die Feuerwehr Bisamberg stand mit 2 Fahrzeugen und 10 Mitgliedern f\u00fcr rund 30 Minuten im Einsatz.<\/p>\n\n\n\nngg_shortcode_0_placeholder\n","protected":false},"excerpt":{"rendered":"<p>Kurz vor 12Uhr wurden wir zu einer T\u00fcr\u00f6ffnung in Bisamberg alarmiert.<\/p>\n","protected":false},"author":9,"featured_media":4329,"comment_status":"closed","ping_status":"open","sticky":false,"template":"","format":"standard","meta":{"ngg_post_thumbnail":1702,"footnotes":""},"categories":[43],"tags":[],"class_list":["post-4325","post","type-post","status-publish","format-standard","has-post-thumbnail","hentry","category-einsaetze2025"],"publishpress_future_action":{"enabled":false,"date":"2026-05-07 23:23:06","action":"change-status","newStatus":"draft","terms":[],"taxonomy":"category","extraData":[]},"publishpress_future_workflow_manual_trigger":{"enabledWorkflows":[]},"_links":{"self":[{"href":"https:\/\/www.ff-bisamberg.at\/index.php?rest_route=\/wp\/v2\/posts\/4325","targetHints":{"allow":["GET"]}}],"collection":[{"href":"https:\/\/www.ff-bisamberg.at\/index.php?rest_route=\/wp\/v2\/posts"}],"about":[{"href":"https:\/\/www.ff-bisamberg.at\/index.php?rest_route=\/wp\/v2\/types\/post"}],"author":[{"embeddable":true,"href":"https:\/\/www.ff-bisamberg.at\/index.php?rest_route=\/wp\/v2\/users\/9"}],"replies":[{"embeddable":true,"href":"https:\/\/www.ff-bisamberg.at\/index.php?rest_route=%2Fwp%2Fv2%2Fcomments&post=4325"}],"version-history":[{"count":1,"href":"https:\/\/www.ff-bisamberg.at\/index.php?rest_route=\/wp\/v2\/posts\/4325\/revisions"}],"predecessor-version":[{"id":4330,"href":"https:\/\/www.ff-bisamberg.at\/index.php?rest_route=\/wp\/v2\/posts\/4325\/revisions\/4330"}],"wp:featuredmedia":[{"embeddable":true,"href":"https:\/\/www.ff-bisamberg.at\/index.php?rest_route=\/wp\/v2\/media\/4329"}],"wp:attachment":[{"href":"https:\/\/www.ff-bisamberg.at\/index.php?rest_route=%2Fwp%2Fv2%2Fmedia&parent=4325"}],"wp:term":[{"taxonomy":"category","embeddable":true,"href":"https:\/\/www.ff-bisamberg.at\/index.php?rest_route=%2Fwp%2Fv2%2Fcategories&post=4325"},{"taxonomy":"post_tag","embeddable":true,"href":"https:\/\/www.ff-bisamberg.at\/index.php?rest_route=%2Fwp%2Fv2%2Ftags&post=4325"}],"curies":[{"name":"wp","href":"https:\/\/api.w.org\/{rel}","templated":true}]}}