{"id":4564,"date":"2026-01-08T18:46:37","date_gmt":"2026-01-08T17:46:37","guid":{"rendered":"https:\/\/www.ff-bisamberg.at\/?p=4564"},"modified":"2026-01-08T18:46:37","modified_gmt":"2026-01-08T17:46:37","slug":"8-jaenner-2026-technischer-einsatz-katze-steckte-fest","status":"publish","type":"post","link":"https:\/\/www.ff-bisamberg.at\/?p=4564","title":{"rendered":"8. J\u00e4nner 2026 &#8211; Technischer Einsatz &#8211; Katze steckte fest"},"content":{"rendered":"\n<p>Ein junges K\u00e4tzchen hat sich am Nachmittag des 8. J\u00e4nners durch einen Spalt hinter einem K\u00fcchenkastl verkrochen und konnte diesen Bereich leider nicht mehr selbstst\u00e4ndig verlassen.<br><!--more Weiterlesen-->Auch die Befreiungsversuche der Besitzerin blieben mehrere Stunden ohne Erfolg.<br>Um die Katze befreien zu k\u00f6nnen, haben wir Teile der Einrichtung demontiert. Die letzten Zentimeter konnte die Katze dann mit Unterst\u00fctzung durch Leckerli selbstst\u00e4ndig bew\u00e4ltigen.<br>Die Feuerwehr Bisamberg war mit zwei Fahrzeugen und 9 Mitgliedern rund eine halbe Stunde im Einsatz.<\/p>\n\n\n\nngg_shortcode_0_placeholder\n","protected":false},"excerpt":{"rendered":"<p>Ein junges K\u00e4tzchen hat sich am Nachmittag des 8. J\u00e4nners durch einen Spalt hinter einem K\u00fcchenkastl verkrochen und konnte diesen Bereich leider nicht mehr selbstst\u00e4ndig verlassen.<\/p>\n","protected":false},"author":9,"featured_media":4570,"comment_status":"closed","ping_status":"open","sticky":false,"template":"","format":"standard","meta":{"ngg_post_thumbnail":1815,"footnotes":""},"categories":[50],"tags":[],"class_list":["post-4564","post","type-post","status-publish","format-standard","has-post-thumbnail","hentry","category-einsaetze2026"],"publishpress_future_action":{"enabled":false,"date":"2026-05-07 16:54:49","action":"change-status","newStatus":"draft","terms":[],"taxonomy":"category","extraData":[]},"publishpress_future_workflow_manual_trigger":{"enabledWorkflows":[]},"_links":{"self":[{"href":"https:\/\/www.ff-bisamberg.at\/index.php?rest_route=\/wp\/v2\/posts\/4564","targetHints":{"allow":["GET"]}}],"collection":[{"href":"https:\/\/www.ff-bisamberg.at\/index.php?rest_route=\/wp\/v2\/posts"}],"about":[{"href":"https:\/\/www.ff-bisamberg.at\/index.php?rest_route=\/wp\/v2\/types\/post"}],"author":[{"embeddable":true,"href":"https:\/\/www.ff-bisamberg.at\/index.php?rest_route=\/wp\/v2\/users\/9"}],"replies":[{"embeddable":true,"href":"https:\/\/www.ff-bisamberg.at\/index.php?rest_route=%2Fwp%2Fv2%2Fcomments&post=4564"}],"version-history":[{"count":1,"href":"https:\/\/www.ff-bisamberg.at\/index.php?rest_route=\/wp\/v2\/posts\/4564\/revisions"}],"predecessor-version":[{"id":4571,"href":"https:\/\/www.ff-bisamberg.at\/index.php?rest_route=\/wp\/v2\/posts\/4564\/revisions\/4571"}],"wp:featuredmedia":[{"embeddable":true,"href":"https:\/\/www.ff-bisamberg.at\/index.php?rest_route=\/wp\/v2\/media\/4570"}],"wp:attachment":[{"href":"https:\/\/www.ff-bisamberg.at\/index.php?rest_route=%2Fwp%2Fv2%2Fmedia&parent=4564"}],"wp:term":[{"taxonomy":"category","embeddable":true,"href":"https:\/\/www.ff-bisamberg.at\/index.php?rest_route=%2Fwp%2Fv2%2Fcategories&post=4564"},{"taxonomy":"post_tag","embeddable":true,"href":"https:\/\/www.ff-bisamberg.at\/index.php?rest_route=%2Fwp%2Fv2%2Ftags&post=4564"}],"curies":[{"name":"wp","href":"https:\/\/api.w.org\/{rel}","templated":true}]}}