{"id":4704,"date":"2026-04-26T20:06:55","date_gmt":"2026-04-26T18:06:55","guid":{"rendered":"https:\/\/www.ff-bisamberg.at\/?p=4704"},"modified":"2026-04-26T20:06:55","modified_gmt":"2026-04-26T18:06:55","slug":"20-april-2026-technischer-einsatz-tragehilfe","status":"publish","type":"post","link":"https:\/\/www.ff-bisamberg.at\/?p=4704","title":{"rendered":"20. April 2026 &#8211; Technischer Einsatz &#8211; Tragehilfe"},"content":{"rendered":"\n<p>Heute wurde die Mannschaft der Feuerwehr Bisamberg zu einer Tragehilfe am Bisamberg alarmiert.<br><!--more Weiterlesen-->In der N\u00e4he der Salzstra\u00dfe, ist ein Radfahrer im Waldgebiet ca. einen Kilometer von einer befestigten Stra\u00dfe gest\u00fcrzt.<br>Die Hauptaufgabe der Feuerwehr bestand darin, den Verunfallten mit der Korbschleiftrage, aus dem unwegsamen Gel\u00e4nde, bis zum Rettungsauto zu tragen.<br>Der Weg aus dem Wald, war teilweise sehr steil und schmal. Gemeinsam konnten wir den Patienten sicher an den Rettungsdienst \u00fcbergeben.<br>Die Feuerwehr Bisamberg stand mit drei Fahrzeugen und 18 Mitgliedern rund eine Stunde im Einsatz.<\/p>\n\n\n\nngg_shortcode_0_placeholder\n","protected":false},"excerpt":{"rendered":"<p>Heute wurde die Mannschaft der Feuerwehr Bisamberg zu einer Tragehilfe am Bisamberg alarmiert.<\/p>\n","protected":false},"author":9,"featured_media":4713,"comment_status":"closed","ping_status":"open","sticky":false,"template":"","format":"standard","meta":{"ngg_post_thumbnail":1871,"footnotes":""},"categories":[50],"tags":[],"class_list":["post-4704","post","type-post","status-publish","format-standard","has-post-thumbnail","hentry","category-einsaetze2026"],"publishpress_future_action":{"enabled":false,"date":"2026-05-04 17:38:26","action":"change-status","newStatus":"draft","terms":[],"taxonomy":"category","extraData":[]},"publishpress_future_workflow_manual_trigger":{"enabledWorkflows":[]},"_links":{"self":[{"href":"https:\/\/www.ff-bisamberg.at\/index.php?rest_route=\/wp\/v2\/posts\/4704","targetHints":{"allow":["GET"]}}],"collection":[{"href":"https:\/\/www.ff-bisamberg.at\/index.php?rest_route=\/wp\/v2\/posts"}],"about":[{"href":"https:\/\/www.ff-bisamberg.at\/index.php?rest_route=\/wp\/v2\/types\/post"}],"author":[{"embeddable":true,"href":"https:\/\/www.ff-bisamberg.at\/index.php?rest_route=\/wp\/v2\/users\/9"}],"replies":[{"embeddable":true,"href":"https:\/\/www.ff-bisamberg.at\/index.php?rest_route=%2Fwp%2Fv2%2Fcomments&post=4704"}],"version-history":[{"count":1,"href":"https:\/\/www.ff-bisamberg.at\/index.php?rest_route=\/wp\/v2\/posts\/4704\/revisions"}],"predecessor-version":[{"id":4714,"href":"https:\/\/www.ff-bisamberg.at\/index.php?rest_route=\/wp\/v2\/posts\/4704\/revisions\/4714"}],"wp:featuredmedia":[{"embeddable":true,"href":"https:\/\/www.ff-bisamberg.at\/index.php?rest_route=\/wp\/v2\/media\/4713"}],"wp:attachment":[{"href":"https:\/\/www.ff-bisamberg.at\/index.php?rest_route=%2Fwp%2Fv2%2Fmedia&parent=4704"}],"wp:term":[{"taxonomy":"category","embeddable":true,"href":"https:\/\/www.ff-bisamberg.at\/index.php?rest_route=%2Fwp%2Fv2%2Fcategories&post=4704"},{"taxonomy":"post_tag","embeddable":true,"href":"https:\/\/www.ff-bisamberg.at\/index.php?rest_route=%2Fwp%2Fv2%2Ftags&post=4704"}],"curies":[{"name":"wp","href":"https:\/\/api.w.org\/{rel}","templated":true}]}}