{"id":4850,"date":"2026-09-04T19:26:23","date_gmt":"2026-09-04T17:26:23","guid":{"rendered":"https:\/\/www.ff-bisamberg.at\/?p=4850"},"modified":"2026-09-04T19:26:23","modified_gmt":"2026-09-04T17:26:23","slug":"31-august-2026-technischer-einsatz-fahrzeug-drohte-abzustuerzen","status":"publish","type":"post","link":"https:\/\/www.ff-bisamberg.at\/?p=4850","title":{"rendered":"31. August 2026 &#8211; Technischer Einsatz &#8211; Fahrzeug drohte abzust\u00fcrzen"},"content":{"rendered":"\n<p>Aus unbekannter Ursache kam am Nachmittag des 31. August ein PKW von einem Forstweg am Bisamberg ab und blieb auf der angrenzenden B\u00f6schung, nur durch den Bewuchs gehalten, h\u00e4ngen.<br><!--more Weiterlesen-->Mittels unserer gel\u00e4ndeg\u00e4ngigen Fahrzeuge wurde unsere Mannschaft und Ausr\u00fcstung zum Einsatzort transportiert. Danach wurde das Fahrzeug mittels Freilandverankerung, Greifzug und Seilwinde St\u00fcck f\u00fcr St\u00fcck wieder auf den Weg gezogen. Da die Bremsen beim Unfallfahrzeug nicht mehr einwandfrei funktionierten, wurde das Unfallfahrzeug gesichert durch ein Feuerwehrfahrzeug bergab bis zum n\u00e4chsten sichern Abstellplatz gebracht.<br>Die Feuerwehr Bisamberg stand mit 3 Fahrzeugen und 10 Mitgliedern rund 2,5 Stunden im Einsatz.<\/p>\n\n\n\nngg_shortcode_0_placeholder\n","protected":false},"excerpt":{"rendered":"<p>Aus unbekannter Ursache kam am Nachmittag des 31. August ein PKW von einem Forstweg am Bisamberg ab und blieb auf der angrenzenden B\u00f6schung, nur durch den Bewuchs gehalten, h\u00e4ngen.<\/p>\n","protected":false},"author":9,"featured_media":4856,"comment_status":"closed","ping_status":"open","sticky":false,"template":"","format":"standard","meta":{"ngg_post_thumbnail":1947,"footnotes":""},"categories":[50],"tags":[],"class_list":["post-4850","post","type-post","status-publish","format-standard","has-post-thumbnail","hentry","category-einsaetze2026"],"publishpress_future_action":{"enabled":false,"date":"2026-09-12 05:59:55","action":"change-status","newStatus":"draft","terms":[],"taxonomy":"category","extraData":[]},"publishpress_future_workflow_manual_trigger":{"enabledWorkflows":[]},"_links":{"self":[{"href":"https:\/\/www.ff-bisamberg.at\/index.php?rest_route=\/wp\/v2\/posts\/4850","targetHints":{"allow":["GET"]}}],"collection":[{"href":"https:\/\/www.ff-bisamberg.at\/index.php?rest_route=\/wp\/v2\/posts"}],"about":[{"href":"https:\/\/www.ff-bisamberg.at\/index.php?rest_route=\/wp\/v2\/types\/post"}],"author":[{"embeddable":true,"href":"https:\/\/www.ff-bisamberg.at\/index.php?rest_route=\/wp\/v2\/users\/9"}],"replies":[{"embeddable":true,"href":"https:\/\/www.ff-bisamberg.at\/index.php?rest_route=%2Fwp%2Fv2%2Fcomments&post=4850"}],"version-history":[{"count":1,"href":"https:\/\/www.ff-bisamberg.at\/index.php?rest_route=\/wp\/v2\/posts\/4850\/revisions"}],"predecessor-version":[{"id":4857,"href":"https:\/\/www.ff-bisamberg.at\/index.php?rest_route=\/wp\/v2\/posts\/4850\/revisions\/4857"}],"wp:featuredmedia":[{"embeddable":true,"href":"https:\/\/www.ff-bisamberg.at\/index.php?rest_route=\/wp\/v2\/media\/4856"}],"wp:attachment":[{"href":"https:\/\/www.ff-bisamberg.at\/index.php?rest_route=%2Fwp%2Fv2%2Fmedia&parent=4850"}],"wp:term":[{"taxonomy":"category","embeddable":true,"href":"https:\/\/www.ff-bisamberg.at\/index.php?rest_route=%2Fwp%2Fv2%2Fcategories&post=4850"},{"taxonomy":"post_tag","embeddable":true,"href":"https:\/\/www.ff-bisamberg.at\/index.php?rest_route=%2Fwp%2Fv2%2Ftags&post=4850"}],"curies":[{"name":"wp","href":"https:\/\/api.w.org\/{rel}","templated":true}]}}